{"id":795,"date":"2012-03-22T19:40:59","date_gmt":"2012-03-22T19:40:59","guid":{"rendered":"http:\/\/sundalsryr.se\/?p=795"},"modified":"2012-03-22T19:47:21","modified_gmt":"2012-03-22T19:47:21","slug":"vecka-13-fullbokad","status":"publish","type":"post","link":"http:\/\/sundalsryr.se\/?p=795","title":{"rendered":"Vecka 13 fullbokad"},"content":{"rendered":"<div mce_tmp=\"1\">Onsdagen den 28 mars \u00e4r det \u00e5rsm\u00f6te i f\u00f6rsamlingshemmet kl 19.00. F\u00f6rutom \u00e5rsm\u00f6tets punkter visar vi bildsdpel fr\u00e5n 10 \u00e5r med byalaget. Rapport fr\u00e5n Leaderprojektet och naturligtvis blir det kaffe och sm\u00f6rg\u00e5s, e,n god \u00f6verraskning lovas ocks\u00e5!<\/div>\n<div mce_tmp=\"1\">&nbsp;<\/div>\n<div mce_tmp=\"1\">Torsdag den 29 &nbsp;mars \u00e4r det lunch i f\u00f6rsamlingehemmet mellan 12-13.<\/div>\n<div mce_tmp=\"1\">&nbsp;<\/div>\n<div mce_tmp=\"1\">L\u00f6rdag 31 mars \u00e4r det jubileumsfest p\u00e5 Granan. Det finns endast reservplatser kvar!<\/div>\n<div mce_tmp=\"1\">&nbsp;<\/div>\n","protected":false},"excerpt":{"rendered":"<p>Onsdagen den 28 mars \u00e4r det \u00e5rsm\u00f6te i f\u00f6rsamlingshemmet kl 19.00. F\u00f6rutom \u00e5rsm\u00f6tets punkter visar vi bildsdpel fr\u00e5n 10 \u00e5r med byalaget. Rapport fr\u00e5n Leaderprojektet och naturligtvis blir det kaffe och sm\u00f6rg\u00e5s, e,n god \u00f6verraskning lovas ocks\u00e5! &nbsp; Torsdag den 29 &nbsp;mars \u00e4r det lunch i f\u00f6rsamlingehemmet mellan 12-13. &nbsp; L\u00f6rdag 31 mars \u00e4r det&#8230;<\/p>\n","protected":false},"author":2,"featured_media":0,"comment_status":"open","ping_status":"open","sticky":false,"template":"","format":"standard","meta":{"_monsterinsights_skip_tracking":false,"_monsterinsights_sitenote_active":false,"_monsterinsights_sitenote_note":"","_monsterinsights_sitenote_category":0,"footnotes":""},"categories":[1],"tags":[],"class_list":["post-795","post","type-post","status-publish","format-standard","hentry","category-aktuellt"],"_links":{"self":[{"href":"http:\/\/sundalsryr.se\/index.php?rest_route=\/wp\/v2\/posts\/795"}],"collection":[{"href":"http:\/\/sundalsryr.se\/index.php?rest_route=\/wp\/v2\/posts"}],"about":[{"href":"http:\/\/sundalsryr.se\/index.php?rest_route=\/wp\/v2\/types\/post"}],"author":[{"embeddable":true,"href":"http:\/\/sundalsryr.se\/index.php?rest_route=\/wp\/v2\/users\/2"}],"replies":[{"embeddable":true,"href":"http:\/\/sundalsryr.se\/index.php?rest_route=%2Fwp%2Fv2%2Fcomments&post=795"}],"version-history":[{"count":5,"href":"http:\/\/sundalsryr.se\/index.php?rest_route=\/wp\/v2\/posts\/795\/revisions"}],"predecessor-version":[{"id":800,"href":"http:\/\/sundalsryr.se\/index.php?rest_route=\/wp\/v2\/posts\/795\/revisions\/800"}],"wp:attachment":[{"href":"http:\/\/sundalsryr.se\/index.php?rest_route=%2Fwp%2Fv2%2Fmedia&parent=795"}],"wp:term":[{"taxonomy":"category","embeddable":true,"href":"http:\/\/sundalsryr.se\/index.php?rest_route=%2Fwp%2Fv2%2Fcategories&post=795"},{"taxonomy":"post_tag","embeddable":true,"href":"http:\/\/sundalsryr.se\/index.php?rest_route=%2Fwp%2Fv2%2Ftags&post=795"}],"curies":[{"name":"wp","href":"https:\/\/api.w.org\/{rel}","templated":true}]}}