{"id":867,"date":"2012-05-06T20:58:02","date_gmt":"2012-05-06T20:58:02","guid":{"rendered":"http:\/\/sundalsryr.se\/?p=867"},"modified":"2017-04-23T11:22:36","modified_gmt":"2017-04-23T11:22:36","slug":"varvandring","status":"publish","type":"post","link":"http:\/\/sundalsryr.se\/?p=867","title":{"rendered":"V\u00e5rvandring"},"content":{"rendered":"<p><a href=\"http:\/\/sundalsryr.se\/wp-content\/uploads\/2012\/05\/DSC00758.jpg\"><img loading=\"lazy\" decoding=\"async\" class=\"alignleft size-medium wp-image-868\" src=\"http:\/\/sundalsryr.se\/wp-content\/uploads\/2012\/05\/DSC00758-225x300.jpg\" alt=\"\" width=\"225\" height=\"300\" srcset=\"http:\/\/sundalsryr.se\/wp-content\/uploads\/2012\/05\/DSC00758-225x300.jpg 225w, http:\/\/sundalsryr.se\/wp-content\/uploads\/2012\/05\/DSC00758.jpg 480w\" sizes=\"(max-width: 225px) 100vw, 225px\" \/><\/a><\/p>\n<p>I ett underbart v\u00e5rv\u00e4der vandrade ett \u00a020-tal personer drygt 5 km, i det nya reservatet vid Sj\u00f6botten. Vi hade en fantastisk guide i Bertil Larsson, han \u00e4r f\u00f6dd p\u00e5 g\u00e5rden Sj\u00f6botten och ber\u00e4ttade mycket intressant om b\u00e5de stort och sm\u00e5tt.<\/p>\n<p><a href=\"http:\/\/sundalsryr.se\/wp-content\/uploads\/2012\/05\/DSC00750.jpg\"><img loading=\"lazy\" decoding=\"async\" class=\"alignright size-medium wp-image-869\" src=\"http:\/\/sundalsryr.se\/wp-content\/uploads\/2012\/05\/DSC00750-300x225.jpg\" alt=\"\" width=\"300\" height=\"225\" srcset=\"http:\/\/sundalsryr.se\/wp-content\/uploads\/2012\/05\/DSC00750-300x225.jpg 300w, http:\/\/sundalsryr.se\/wp-content\/uploads\/2012\/05\/DSC00750.jpg 640w\" sizes=\"(max-width: 300px) 100vw, 300px\" \/><\/a><\/p>\n<p>Strax efter att vi b\u00f6rjat g\u00e5 fick vi syn p\u00e5 den lilla v\u00e4xten v\u00e4tteros. Den saknar klorofyll och lever som parasit p\u00e5 hassel, al eller asp. St\u00f6rre delen av sitt liv lever den under jord, precis som man trodde att v\u00e4ttarna gjorde, d\u00e4rav namnet.<\/p>\n<p><a href=\"http:\/\/sundalsryr.se\/wp-content\/uploads\/2012\/05\/DSC00755.jpg\"><img loading=\"lazy\" decoding=\"async\" class=\"alignleft size-medium wp-image-870\" src=\"http:\/\/sundalsryr.se\/wp-content\/uploads\/2012\/05\/DSC00755-300x225.jpg\" alt=\"\" width=\"300\" height=\"225\" srcset=\"http:\/\/sundalsryr.se\/wp-content\/uploads\/2012\/05\/DSC00755-300x225.jpg 300w, http:\/\/sundalsryr.se\/wp-content\/uploads\/2012\/05\/DSC00755.jpg 640w\" sizes=\"(max-width: 300px) 100vw, 300px\" \/><\/a><\/p>\n<p>Vi nj\u00f6t av v\u00e5r mats\u00e4ck och vandrade sedan vidare p\u00e5 den d\u00e5tida Uddevallav\u00e4gen \u00a0mot barlinemyren. Barlind \u00e4r det norska namnet f\u00f6r idegran. H\u00e4r kan man se riktigt gamla idegranar, men trots sin aktningsv\u00e4rda \u00e5lder \u00e4r de inte s\u00e4rskilt stora, eftersom de v\u00e4xer v\u00e4ldigt l\u00e5ngsamt.<\/p>\n<p>Ett hj\u00e4rtligt tack till Bertil som guidade oss p\u00e5 denna trevliga vandring.<\/p>\n<p><a href=\"http:\/\/sundalsryr.se\/wp-content\/uploads\/2012\/05\/DSC00765.jpg\"><img loading=\"lazy\" decoding=\"async\" class=\"aligncenter size-full wp-image-871\" src=\"http:\/\/sundalsryr.se\/wp-content\/uploads\/2012\/05\/DSC00765.jpg\" alt=\"\" width=\"480\" height=\"640\" srcset=\"http:\/\/sundalsryr.se\/wp-content\/uploads\/2012\/05\/DSC00765.jpg 480w, http:\/\/sundalsryr.se\/wp-content\/uploads\/2012\/05\/DSC00765-225x300.jpg 225w\" sizes=\"(max-width: 480px) 100vw, 480px\" \/><\/a><\/p>\n","protected":false},"excerpt":{"rendered":"<p>I ett underbart v\u00e5rv\u00e4der vandrade ett \u00a020-tal personer drygt 5 km, i det nya reservatet vid Sj\u00f6botten. Vi hade en fantastisk guide i Bertil Larsson, han \u00e4r f\u00f6dd p\u00e5 g\u00e5rden Sj\u00f6botten och ber\u00e4ttade mycket intressant om b\u00e5de stort och sm\u00e5tt. Strax efter att vi b\u00f6rjat g\u00e5 fick vi syn p\u00e5 den lilla v\u00e4xten v\u00e4tteros. Den&#8230;<\/p>\n","protected":false},"author":3,"featured_media":0,"comment_status":"open","ping_status":"open","sticky":false,"template":"","format":"standard","meta":{"_monsterinsights_skip_tracking":false,"_monsterinsights_sitenote_active":false,"_monsterinsights_sitenote_note":"","_monsterinsights_sitenote_category":0,"footnotes":""},"categories":[1,15],"tags":[],"class_list":["post-867","post","type-post","status-publish","format-standard","hentry","category-aktuellt","category-vandringar"],"_links":{"self":[{"href":"http:\/\/sundalsryr.se\/index.php?rest_route=\/wp\/v2\/posts\/867"}],"collection":[{"href":"http:\/\/sundalsryr.se\/index.php?rest_route=\/wp\/v2\/posts"}],"about":[{"href":"http:\/\/sundalsryr.se\/index.php?rest_route=\/wp\/v2\/types\/post"}],"author":[{"embeddable":true,"href":"http:\/\/sundalsryr.se\/index.php?rest_route=\/wp\/v2\/users\/3"}],"replies":[{"embeddable":true,"href":"http:\/\/sundalsryr.se\/index.php?rest_route=%2Fwp%2Fv2%2Fcomments&post=867"}],"version-history":[{"count":3,"href":"http:\/\/sundalsryr.se\/index.php?rest_route=\/wp\/v2\/posts\/867\/revisions"}],"predecessor-version":[{"id":873,"href":"http:\/\/sundalsryr.se\/index.php?rest_route=\/wp\/v2\/posts\/867\/revisions\/873"}],"wp:attachment":[{"href":"http:\/\/sundalsryr.se\/index.php?rest_route=%2Fwp%2Fv2%2Fmedia&parent=867"}],"wp:term":[{"taxonomy":"category","embeddable":true,"href":"http:\/\/sundalsryr.se\/index.php?rest_route=%2Fwp%2Fv2%2Fcategories&post=867"},{"taxonomy":"post_tag","embeddable":true,"href":"http:\/\/sundalsryr.se\/index.php?rest_route=%2Fwp%2Fv2%2Ftags&post=867"}],"curies":[{"name":"wp","href":"https:\/\/api.w.org\/{rel}","templated":true}]}}