{"id":951,"date":"2012-07-14T20:41:19","date_gmt":"2012-07-14T20:41:19","guid":{"rendered":"http:\/\/sundalsryr.se\/?p=951"},"modified":"2012-12-30T15:57:53","modified_gmt":"2012-12-30T15:57:53","slug":"rapport-fran-leden-del-2","status":"publish","type":"post","link":"http:\/\/sundalsryr.se\/?p=951","title":{"rendered":"Rapport fr\u00e5n leden del 2"},"content":{"rendered":"<p><a href=\"http:\/\/sundalsryr.se\/wp-content\/uploads\/2012\/07\/DSC01019.jpg\"><\/a> Vet egentligen inte om jag kan kalla det rapport fr\u00e5n leden denna g\u00e5ng, eftersom jag inte \u00e4r s\u00e4ker p\u00e5 att det var n\u00e5gon led vi sprang p\u00e5. Tanken var att dagens etapp skulle g\u00e5 fr\u00e5n Nuntorp via Ryr, gamla kyrkan, myregatan och hem till Sallebyn. Ett s\u00e5 kallat heml\u00e4ngtans-pass, d\u00e4r man inte springer n\u00e5gon runda utan bara hem\u00e5t.<\/p>\n<p>Kartan memorerades och beskrivningen l\u00e4stes i vanlig ordning hemma vid k\u00f6ksbordet. Jag brukar inte ta med den, det k\u00e4nns \u00e4nd\u00e5 som att det mesta av stigarna och v\u00e4garna \u00e4r hemmaplan och helt vilse borde man ju inte kunna komma s\u00e5 n\u00e4ra \u201dhemma\u201d. Men s\u00e5 fel man kan ha\u2026<\/p>\n<p>Janne k\u00f6rde Lisa, mig och en hund till Nuntorp. Nu har vi \u00e5terigen tv\u00e5 hundar men den lilla har \u00e4n s\u00e5 l\u00e4nge fullt upp med att bita s\u00f6nder tidningar och \u00e4ggkartonger och kan inte f\u00f6lja med p\u00e5 n\u00e5gra l\u00e4ngre str\u00e4ckor \u00e4n p\u00e5 ett tag.<a href=\"http:\/\/sundalsryr.se\/wp-content\/uploads\/2012\/07\/DSC01007.jpg\"><img loading=\"lazy\" decoding=\"async\" class=\"alignright size-medium wp-image-949\" src=\"http:\/\/sundalsryr.se\/wp-content\/uploads\/2012\/07\/DSC01007-300x225.jpg\" alt=\"\" width=\"300\" height=\"225\" srcset=\"http:\/\/sundalsryr.se\/wp-content\/uploads\/2012\/07\/DSC01007-300x225.jpg 300w, http:\/\/sundalsryr.se\/wp-content\/uploads\/2012\/07\/DSC01007.jpg 640w\" sizes=\"(max-width: 300px) 100vw, 300px\" \/><\/a><\/p>\n<p>Det var inte helt enkelt att hitta r\u00e4tt bland alla byggnader p\u00e5 skolan, eleverna blir visst f\u00e4rre och f\u00e4rre, men husen blir fler och fler. Vi hittar inga markeringar men enas till slut om att ta en grusv\u00e4g som g\u00e5r \u00e5t v\u00e5rt h\u00e5ll. Sk\u00f6nt l\u00e4ttsprungen med gr\u00e4s i mitten. Det k\u00e4nns bra att komma ig\u00e5ng. F\u00f6rbi en hage med kvigor, sedan blir v\u00e4gen mer och mer igenv\u00e4xt. \u00c4nnu har vi inte sett till en enda r\u00f6d markering. \u00a0V\u00e4gen delar sig, h\u00f6ger eller v\u00e4nster, vi utnyttjar v\u00e5r f\u00f6rsta livlina 50\/50 och v\u00e4ljer h\u00f6ger. V\u00e4gen blir en stig och stigen blir mindre och mindre. Nu har vi tistlar och n\u00e4sslor upp till midjan. H\u00f6ger kanske inte var det b\u00e4sta val vi gjort, inte att v\u00e4lja kortbyxor heller.<\/p>\n<p>Den n\u00e4stan obefintliga stigen g\u00e5r nu genom ett aspsn\u00e5r som \u00e4r h\u00f6gre \u00e4n oss. Men k\u00e4nslan s\u00e4ger att vi \u00e4r p\u00e5 v\u00e4g mot Sundals Ryr, till slut \u00f6ppnar det sig och vi kommer fram till en havre\u00e5ker, stigen \u00e4r nu helt borta och vi ocks\u00e5 ? Vi konstaterar att vi \u00e4r n\u00e5gonstans mellan Fr\u00e4ndefors, Br\u00e5landa och Sundals Ryr, \u00a0men hur vi ska ta oss hem\u00e5t?\u00a0 Dags att utnyttja livlina tv\u00e5. Ringa en v\u00e4n. Hall\u00e5, vet du var vi \u00e4r? Vi ser r\u00f6da kor, en Fergussontraktor \u00a0och en g\u00f6dseltunna av m\u00e4rket Olby? Svaret blev lite sv\u00e4vande och gav inte s\u00e5 mycket till ledtr\u00e5d. Vi tog en klunk vatten ur flaskan, slog v\u00e5ra kloka huvuden ihop, odal-tornet \u00e4r till h\u00f6ger och kroppefj\u00e4ll \u00e4r till v\u00e4nster, vi f\u00f6ljer diket utmed havre\u00e5kern fram till en skogsdunge. Efter dungen f\u00e5r vi syn p\u00e5 en grusv\u00e4g som av allt att d\u00f6ma g\u00e5r hem\u00e5t. \u00c4ntligen f\u00e5r vi lite fart och kan springa igen. Nu k\u00e4nner vi ingen fler och fler riktm\u00e4rken. Sista livlinan, att fr\u00e5ga publiken, i detta fallet en ko, beh\u00f6ver vi inte utnyttja f\u00f6r nu ser vi gamla kyrkan.<\/p>\n<p><a href=\"http:\/\/sundalsryr.se\/wp-content\/uploads\/2012\/07\/DSC01019.jpg\"><img loading=\"lazy\" decoding=\"async\" src=\"http:\/\/sundalsryr.se\/wp-content\/uploads\/2012\/07\/DSC01019-300x225.jpg\" alt=\"\" width=\"300\" height=\"225\" \/><\/a><\/p>\n<p>Vid kyrkan visar klockan att vi sprungit 4.2 km, exakt s\u00e5 l\u00e5ngt som beskrivningen s\u00e4ger att Nuntorpsleden \u00e4r, men n\u00e5gon led har vi som sagt inte sett till. Nu \u00e4r det asfalt men i v\u00e4gkanten v\u00e4xer massor med mogna smultron s\u00e5 det blir inte mycket sprunget \u00e4nd\u00e5. Detta \u00e4r bel\u00f6ningen f\u00f6r de tidigare strapatserna. Vid infarten till Sallebyns snickeri ser vi den f\u00f6rsta r\u00f6da markeringen. Nu \u00e4r det bara den mysiga Myregatan kvar s\u00e5 \u00e4r vi hemma.<a href=\"http:\/\/sundalsryr.se\/wp-content\/uploads\/2012\/07\/DSC01020.jpg\"><img loading=\"lazy\" decoding=\"async\" class=\"alignright size-medium wp-image-952\" src=\"http:\/\/sundalsryr.se\/wp-content\/uploads\/2012\/07\/DSC01020-300x225.jpg\" alt=\"\" width=\"300\" height=\"225\" srcset=\"http:\/\/sundalsryr.se\/wp-content\/uploads\/2012\/07\/DSC01020-300x225.jpg 300w, http:\/\/sundalsryr.se\/wp-content\/uploads\/2012\/07\/DSC01020.jpg 640w\" sizes=\"(max-width: 300px) 100vw, 300px\" \/><\/a><\/p>\n<p>Hemma konstaterar vi att vi tagit oss 7.4 km. S\u00e5 vitt vi kan se har vi f\u00f6ljt de r\u00f6da prickarna p\u00e5 kartan ganska exakt, trots att vi inte s\u00e5g till n\u00e5gon led. Vi har sett 15 \u00a0r\u00f6da markeringar som alla satt p\u00e5 den sista kilometern. Men vi hade tur med v\u00e4dret och smultronen var underbara!<\/p>\n","protected":false},"excerpt":{"rendered":"<p>Vet egentligen inte om jag kan kalla det rapport fr\u00e5n leden denna g\u00e5ng, eftersom jag inte \u00e4r s\u00e4ker p\u00e5 att det var n\u00e5gon led vi sprang p\u00e5. Tanken var att dagens etapp skulle g\u00e5 fr\u00e5n Nuntorp via Ryr, gamla kyrkan, myregatan och hem till Sallebyn. Ett s\u00e5 kallat heml\u00e4ngtans-pass, d\u00e4r man inte springer n\u00e5gon runda&#8230;<\/p>\n","protected":false},"author":3,"featured_media":0,"comment_status":"open","ping_status":"open","sticky":false,"template":"","format":"standard","meta":{"_monsterinsights_skip_tracking":false,"_monsterinsights_sitenote_active":false,"_monsterinsights_sitenote_note":"","_monsterinsights_sitenote_category":0,"footnotes":""},"categories":[1,11],"tags":[],"class_list":["post-951","post","type-post","status-publish","format-standard","hentry","category-aktuellt","category-rapporter-fran-leden"],"_links":{"self":[{"href":"http:\/\/sundalsryr.se\/index.php?rest_route=\/wp\/v2\/posts\/951"}],"collection":[{"href":"http:\/\/sundalsryr.se\/index.php?rest_route=\/wp\/v2\/posts"}],"about":[{"href":"http:\/\/sundalsryr.se\/index.php?rest_route=\/wp\/v2\/types\/post"}],"author":[{"embeddable":true,"href":"http:\/\/sundalsryr.se\/index.php?rest_route=\/wp\/v2\/users\/3"}],"replies":[{"embeddable":true,"href":"http:\/\/sundalsryr.se\/index.php?rest_route=%2Fwp%2Fv2%2Fcomments&post=951"}],"version-history":[{"count":6,"href":"http:\/\/sundalsryr.se\/index.php?rest_route=\/wp\/v2\/posts\/951\/revisions"}],"predecessor-version":[{"id":954,"href":"http:\/\/sundalsryr.se\/index.php?rest_route=\/wp\/v2\/posts\/951\/revisions\/954"}],"wp:attachment":[{"href":"http:\/\/sundalsryr.se\/index.php?rest_route=%2Fwp%2Fv2%2Fmedia&parent=951"}],"wp:term":[{"taxonomy":"category","embeddable":true,"href":"http:\/\/sundalsryr.se\/index.php?rest_route=%2Fwp%2Fv2%2Fcategories&post=951"},{"taxonomy":"post_tag","embeddable":true,"href":"http:\/\/sundalsryr.se\/index.php?rest_route=%2Fwp%2Fv2%2Ftags&post=951"}],"curies":[{"name":"wp","href":"https:\/\/api.w.org\/{rel}","templated":true}]}}