{"id":961,"date":"2012-07-22T19:15:26","date_gmt":"2012-07-22T19:15:26","guid":{"rendered":"http:\/\/sundalsryr.se\/?p=961"},"modified":"2012-07-22T19:15:41","modified_gmt":"2012-07-22T19:15:41","slug":"961","status":"publish","type":"post","link":"http:\/\/sundalsryr.se\/?p=961","title":{"rendered":"\u00d6ppen tr\u00e4dg\u00e5rd"},"content":{"rendered":"<p><a href=\"http:\/\/sundalsryr.se\/wp-content\/uploads\/2012\/07\/DSC01069.jpg\"><img loading=\"lazy\" decoding=\"async\" class=\"alignleft size-medium wp-image-958\" src=\"http:\/\/sundalsryr.se\/wp-content\/uploads\/2012\/07\/DSC01069-300x225.jpg\" alt=\"\" width=\"300\" height=\"225\" srcset=\"http:\/\/sundalsryr.se\/wp-content\/uploads\/2012\/07\/DSC01069-300x225.jpg 300w, http:\/\/sundalsryr.se\/wp-content\/uploads\/2012\/07\/DSC01069.jpg 640w\" sizes=\"(max-width: 300px) 100vw, 300px\" \/><\/a><\/p>\n<p><a href=\"http:\/\/sundalsryr.se\/wp-content\/uploads\/2012\/07\/DSC01061.jpg\"><img loading=\"lazy\" decoding=\"async\" class=\"aligncenter size-full wp-image-959\" src=\"http:\/\/sundalsryr.se\/wp-content\/uploads\/2012\/07\/DSC01061.jpg\" alt=\"\" width=\"640\" height=\"480\" srcset=\"http:\/\/sundalsryr.se\/wp-content\/uploads\/2012\/07\/DSC01061.jpg 640w, http:\/\/sundalsryr.se\/wp-content\/uploads\/2012\/07\/DSC01061-300x225.jpg 300w\" sizes=\"(max-width: 640px) 100vw, 640px\" \/><\/a><\/p>\n<p>F\u00f6r 6e \u00e5ret i rad visade i dag Ingemar och Marianne Karlsson i Aspebohl sin fantastiska tr\u00e4dg\u00e5rd p\u00e5 \u201dLands \u00f6ppen tr\u00e4dg\u00e5rd\u201d. Aspebohl ligger bara en liten, liten bit fr\u00e5n Sundals Ryr och det var m\u00e5nga k\u00e4nda ansikten som syntes i vimlet. F\u00f6rutom att njuta av den fina tr\u00e4dg\u00e5rden kunde man dricka kaffe med nybakt br\u00f6d eller v\u00e5fflor, konstn\u00e4ren Bengt Karlssons fr\u00e5n V\u00e4nersborg hade utst\u00e4llning av tavlor, det fanns f\u00f6rs\u00e4ljning av aloe vera produkter och Biodlarna var ocks\u00e5 p\u00e5 plats.<a href=\"http:\/\/sundalsryr.se\/wp-content\/uploads\/2012\/07\/DSC01065.jpg\"><img loading=\"lazy\" decoding=\"async\" class=\"aligncenter size-medium wp-image-960\" src=\"http:\/\/sundalsryr.se\/wp-content\/uploads\/2012\/07\/DSC01065-300x225.jpg\" alt=\"\" width=\"300\" height=\"225\" srcset=\"http:\/\/sundalsryr.se\/wp-content\/uploads\/2012\/07\/DSC01065-300x225.jpg 300w, http:\/\/sundalsryr.se\/wp-content\/uploads\/2012\/07\/DSC01065.jpg 640w\" sizes=\"(max-width: 300px) 100vw, 300px\" \/><\/a><\/p>\n<p>Den 12 augusti finns det \u00e5ter m\u00f6jlighet att bes\u00f6ka Aspebohl. D\u00e5 \u00e4r det projektet \u201dtusen tr\u00e4dg\u00e5rdar\u201d som har \u00f6ppna tr\u00e4dg\u00e5rdar \u00f6ver hela landet.<a href=\"http:\/\/sundalsryr.se\/wp-content\/uploads\/2012\/07\/DSC01063.jpg\"><img loading=\"lazy\" decoding=\"async\" class=\"alignleft size-medium wp-image-963\" src=\"http:\/\/sundalsryr.se\/wp-content\/uploads\/2012\/07\/DSC01063-300x225.jpg\" alt=\"\" width=\"300\" height=\"225\" srcset=\"http:\/\/sundalsryr.se\/wp-content\/uploads\/2012\/07\/DSC01063-300x225.jpg 300w, http:\/\/sundalsryr.se\/wp-content\/uploads\/2012\/07\/DSC01063.jpg 640w\" sizes=\"(max-width: 300px) 100vw, 300px\" \/><\/a><\/p>\n<p>Man blir verkligen imponerad av den stora och v\u00e4lsk\u00f6tta tr\u00e4dg\u00e5rden, de gamla jordbruksf\u00f6rem\u00e5len, den underbara gamla ladug\u00e5rden, v\u00e4xthuset, dammen, v\u00e4xterna\u2026\u00a0 Allt bidrar till en harmonisk rofylld helhet.<a href=\"http:\/\/sundalsryr.se\/wp-content\/uploads\/2012\/07\/DSC01062.jpg\"><img loading=\"lazy\" decoding=\"async\" class=\"alignright size-medium wp-image-962\" src=\"http:\/\/sundalsryr.se\/wp-content\/uploads\/2012\/07\/DSC01062-225x300.jpg\" alt=\"\" width=\"225\" height=\"300\" srcset=\"http:\/\/sundalsryr.se\/wp-content\/uploads\/2012\/07\/DSC01062-225x300.jpg 225w, http:\/\/sundalsryr.se\/wp-content\/uploads\/2012\/07\/DSC01062.jpg 480w\" sizes=\"(max-width: 225px) 100vw, 225px\" \/><\/a><\/p>\n","protected":false},"excerpt":{"rendered":"<p>F\u00f6r 6e \u00e5ret i rad visade i dag Ingemar och Marianne Karlsson i Aspebohl sin fantastiska tr\u00e4dg\u00e5rd p\u00e5 \u201dLands \u00f6ppen tr\u00e4dg\u00e5rd\u201d. Aspebohl ligger bara en liten, liten bit fr\u00e5n Sundals Ryr och det var m\u00e5nga k\u00e4nda ansikten som syntes i vimlet. F\u00f6rutom att njuta av den fina tr\u00e4dg\u00e5rden kunde man dricka kaffe med nybakt br\u00f6d&#8230;<\/p>\n","protected":false},"author":3,"featured_media":0,"comment_status":"open","ping_status":"open","sticky":false,"template":"","format":"standard","meta":{"_monsterinsights_skip_tracking":false,"_monsterinsights_sitenote_active":false,"_monsterinsights_sitenote_note":"","_monsterinsights_sitenote_category":0,"footnotes":""},"categories":[1],"tags":[],"class_list":["post-961","post","type-post","status-publish","format-standard","hentry","category-aktuellt"],"_links":{"self":[{"href":"http:\/\/sundalsryr.se\/index.php?rest_route=\/wp\/v2\/posts\/961"}],"collection":[{"href":"http:\/\/sundalsryr.se\/index.php?rest_route=\/wp\/v2\/posts"}],"about":[{"href":"http:\/\/sundalsryr.se\/index.php?rest_route=\/wp\/v2\/types\/post"}],"author":[{"embeddable":true,"href":"http:\/\/sundalsryr.se\/index.php?rest_route=\/wp\/v2\/users\/3"}],"replies":[{"embeddable":true,"href":"http:\/\/sundalsryr.se\/index.php?rest_route=%2Fwp%2Fv2%2Fcomments&post=961"}],"version-history":[{"count":4,"href":"http:\/\/sundalsryr.se\/index.php?rest_route=\/wp\/v2\/posts\/961\/revisions"}],"predecessor-version":[{"id":967,"href":"http:\/\/sundalsryr.se\/index.php?rest_route=\/wp\/v2\/posts\/961\/revisions\/967"}],"wp:attachment":[{"href":"http:\/\/sundalsryr.se\/index.php?rest_route=%2Fwp%2Fv2%2Fmedia&parent=961"}],"wp:term":[{"taxonomy":"category","embeddable":true,"href":"http:\/\/sundalsryr.se\/index.php?rest_route=%2Fwp%2Fv2%2Fcategories&post=961"},{"taxonomy":"post_tag","embeddable":true,"href":"http:\/\/sundalsryr.se\/index.php?rest_route=%2Fwp%2Fv2%2Ftags&post=961"}],"curies":[{"name":"wp","href":"https:\/\/api.w.org\/{rel}","templated":true}]}}