{"id":1040,"date":"2012-08-26T20:14:12","date_gmt":"2012-08-26T20:14:12","guid":{"rendered":"http:\/\/sundalsryr.se\/?p=1040"},"modified":"2012-12-30T15:57:18","modified_gmt":"2012-12-30T15:57:18","slug":"rapport-fran-leden-del-3","status":"publish","type":"post","link":"https:\/\/sundalsryr.se\/?p=1040","title":{"rendered":"Rapport fr\u00e5n leden del 3"},"content":{"rendered":"<p>M\u00e5ndag, regn och f\u00f6r de allra flesta var semestern slut. Inte \u00e5rets roligaste dag med andra ord. Tveksamheten var stor. Ska jag, ska jag inte. Men ingenting har n\u00e5gonsin blivit s\u00e4mre av frisk luft, d\u00e4rf\u00f6r f\u00f6ll valet till slut p\u00e5 \u201djag ska\u201d. Det visade sig vara ett mycket lyckat val.<a href=\"http:\/\/sundalsryr.se\/wp-content\/uploads\/2012\/08\/DSC01109.jpg\"><img loading=\"lazy\" decoding=\"async\" class=\"alignleft size-medium wp-image-1041\" src=\"http:\/\/sundalsryr.se\/wp-content\/uploads\/2012\/08\/DSC01109-225x300.jpg\" alt=\"\" width=\"225\" height=\"300\" srcset=\"https:\/\/sundalsryr.se\/wp-content\/uploads\/2012\/08\/DSC01109-225x300.jpg 225w, https:\/\/sundalsryr.se\/wp-content\/uploads\/2012\/08\/DSC01109.jpg 480w\" sizes=\"(max-width: 225px) 100vw, 225px\" \/><\/a><\/p>\n<p>Bilen parkerades p\u00e5 den nya parkeringen vid Bollungen. Skorna kn\u00f6ts med dubbelknut och dottern kn\u00e4ppte p\u00e5 gps-klockan. Ungdomar har ju inte riktigt f\u00f6rst\u00e5tt det d\u00e4r med att l\u00e5ta saker och ting ta den tid det tar, att springa utan att klockan \u00e4r p\u00e5 g\u00e5r inte an. Dagens tur ska g\u00e5 till Bollungs\u00e5sen, Granan och tillbaka till Bollungen. De ljusbl\u00e5 prickarna p\u00e5\u00a0 kartan betyder att den inte f\u00e5r ridas, men till fots eller med cykel g\u00e5r det bra.<a href=\"http:\/\/sundalsryr.se\/wp-content\/uploads\/2012\/08\/DSC01112.jpg\"><img loading=\"lazy\" decoding=\"async\" class=\"alignright size-medium wp-image-1042\" src=\"http:\/\/sundalsryr.se\/wp-content\/uploads\/2012\/08\/DSC01112-300x225.jpg\" alt=\"\" width=\"300\" height=\"225\" srcset=\"https:\/\/sundalsryr.se\/wp-content\/uploads\/2012\/08\/DSC01112-300x225.jpg 300w, https:\/\/sundalsryr.se\/wp-content\/uploads\/2012\/08\/DSC01112.jpg 640w\" sizes=\"(max-width: 300px) 100vw, 300px\" \/><\/a><\/p>\n<p>Uppf\u00f6r backen och sedan h\u00f6ger, en tydlig pil visar v\u00e4gen. Det g\u00e5r fortfarande uppf\u00f6r men nu med gr\u00e4s under skorna. Strax sluter sig skogen och vi befinner oss p\u00e5 den mysigaste lilla skogsv\u00e4g man kan t\u00e4nka sig. \u00d6ver en liten stenbro, d\u00e4r dagens regnande gjort vattnet livligt. Det b\u00f6rjar bli jobbigt fast \u00a0stigen \u00e4r s\u00e5 fin, s\u00e5 jag vill inte att den ska ta slut. Men inget varar f\u00f6r evigt. Skogen \u00f6verg\u00e5r till ett hygge. Men vad \u00e4r det d\u00e4r? Egyptens pyramider? H\u00e4r?<\/p>\n<p><a href=\"http:\/\/sundalsryr.se\/wp-content\/uploads\/2012\/08\/DSC01116.jpg\"><img loading=\"lazy\" decoding=\"async\" class=\"alignleft size-medium wp-image-1043\" src=\"http:\/\/sundalsryr.se\/wp-content\/uploads\/2012\/08\/DSC01116-300x225.jpg\" alt=\"\" width=\"300\" height=\"225\" srcset=\"https:\/\/sundalsryr.se\/wp-content\/uploads\/2012\/08\/DSC01116-300x225.jpg 300w, https:\/\/sundalsryr.se\/wp-content\/uploads\/2012\/08\/DSC01116.jpg 640w\" sizes=\"(max-width: 300px) 100vw, 300px\" \/><\/a><\/p>\n<p>Nej, s\u00e5klart att det inte \u00e4r n\u00e5gra pyramider. Bara helt vanliga h\u00f6gar av krossat berg i K\u00e4rrs bergt\u00e4ckt. Vi passerar en grusv\u00e4g, men v\u00e4ljer att forts\u00e4tta leden rakt fram. Stigen blir lite smalare och ringlar sig fram genom skogen igen. Nu ser vi den f\u00f6rsta svarta pilen under v\u00e5r str\u00e4van att utforska lederna, det m\u00e5ste undres\u00f6kas.\u00a0\u00a0<a href=\"http:\/\/sundalsryr.se\/wp-content\/uploads\/2012\/08\/DSC01117.jpg\"><img loading=\"lazy\" decoding=\"async\" class=\"alignright size-thumbnail wp-image-1044\" src=\"http:\/\/sundalsryr.se\/wp-content\/uploads\/2012\/08\/DSC01117-150x150.jpg\" alt=\"\" width=\"150\" height=\"150\" \/><\/a><\/p>\n<p>Bara ett stenkast bort finns ett litet gulligt timrat vindskydd. En lukt av ny s\u00e5gat virke och tj\u00e4ra tyder p\u00e5 att det \u00e4r nybyggt. Utsikten \u00f6ver sl\u00e4tten och \u00f6ver k\u00e4rrs bergt\u00e4ckt breder ut sig nedanf\u00f6r. Kommer man hit under arbetstid kan man se krossverk och lastmaskiner arbeta. Men nu \u00e4r allt tyst, vi beundrar utsikten en stund och springer sedan tillbaka till leden. N\u00e4sta g\u00e5ng jag kommer hit ska kaffetermosen vara med.<\/p>\n<p><a href=\"http:\/\/sundalsryr.se\/wp-content\/uploads\/2012\/08\/DSC01121.jpg\"><img loading=\"lazy\" decoding=\"async\" class=\"alignleft size-medium wp-image-1045\" src=\"http:\/\/sundalsryr.se\/wp-content\/uploads\/2012\/08\/DSC01121-300x225.jpg\" alt=\"\" width=\"300\" height=\"225\" srcset=\"https:\/\/sundalsryr.se\/wp-content\/uploads\/2012\/08\/DSC01121-300x225.jpg 300w, https:\/\/sundalsryr.se\/wp-content\/uploads\/2012\/08\/DSC01121.jpg 640w\" sizes=\"(max-width: 300px) 100vw, 300px\" \/><\/a><\/p>\n<p>Den mjuka, fina skogsstigen forts\u00e4tter ringla sig genom skogen, nu g\u00e5r det nerf\u00f6r, regnet har upph\u00f6rt och benen k\u00e4nns l\u00e4tta. Underbart!<\/p>\n<p>Oj, d\u00e4r \u00e4r en svart pil till. Den pekar mot grottorna, det vet jag sedan tidigare. V\u00e4l v\u00e4rda ett bes\u00f6k, men inte i dag. Ett ganska ok\u00e4nt djungelordspr\u00e5k lyder \u201dhar en gammal tant f\u00e5tt upp farten i nerf\u00f6rsbacken \u00e4r det b\u00e4st att inte f\u00f6rs\u00f6ka stoppa henne\u201d D\u00e4rf\u00f6r forts\u00e4tter vi.<\/p>\n<p>Ett annat v\u00e4lk\u00e4nt uttryck \u00e4r \u201dunderbart \u00e4r kort\u201d och det g\u00e4ller \u00e4ven h\u00e4r. Allt f\u00f6r fort tar den h\u00e4rliga stigen slut och vi \u00e4r ute p\u00e5 grusv\u00e4gen. H\u00e4r skulle vi kunna forts\u00e4tta rakt mot Snappan och v\u00e4stra Bleken men det sparar vi till en annan dag. V\u00e4nster och uppf\u00f6r f\u00e5r det bli. Uppf\u00f6r, uppf\u00f6r och uppf\u00f6r. Hj\u00e4rtat bankar. Benen som nyss k\u00e4nts s\u00e5 l\u00e4tta fylls med mj\u00f6lksyra eller \u00e4r det m\u00f6jligen sommarens alla fikastunder som gjort dem s\u00e5 tunga.<a href=\"http:\/\/sundalsryr.se\/wp-content\/uploads\/2012\/08\/DSC01123.jpg\"><img loading=\"lazy\" decoding=\"async\" class=\"alignright size-medium wp-image-1046\" src=\"http:\/\/sundalsryr.se\/wp-content\/uploads\/2012\/08\/DSC01123-300x225.jpg\" alt=\"\" width=\"300\" height=\"225\" srcset=\"https:\/\/sundalsryr.se\/wp-content\/uploads\/2012\/08\/DSC01123-300x225.jpg 300w, https:\/\/sundalsryr.se\/wp-content\/uploads\/2012\/08\/DSC01123.jpg 640w\" sizes=\"(max-width: 300px) 100vw, 300px\" \/><\/a><\/p>\n<p>\u00c4ntligen uppe vid Granan. Den jobbigaste delen \u00e4r \u00f6ver och grusv\u00e4gen \u00e4r mjuk och springv\u00e4nlig av regnandet. Som en \u00e5terbetalning av all kraft vi fick l\u00e4gga i uppf\u00f6rsbackarna g\u00e5r det nu l\u00e4tt nerf\u00f6r. Vi m\u00f6ter en vit skogssnigel, den verkar betydligt fredligare \u00e4n sina bruna kusiner som invaderat bygden. Kilometer l\u00e4ggs till kilometer, till slut tar grusv\u00e4gen slut och vi kommer till asfaltsv\u00e4gen, nu \u00e4r det bara en lite bit kvar s\u00e5 \u00e4r vi tillbaka d\u00e4r vi b\u00f6rjade. Lite tr\u00f6ttare men mycket n\u00f6jdare. Gps-klockan visade exakt 7 km. En verkligt trevlig runda som varmt kan rekommenderas.<\/p>\n","protected":false},"excerpt":{"rendered":"<p>M\u00e5ndag, regn och f\u00f6r de allra flesta var semestern slut. Inte \u00e5rets roligaste dag med andra ord. Tveksamheten var stor. Ska jag, ska jag inte. Men ingenting har n\u00e5gonsin blivit s\u00e4mre av frisk luft, d\u00e4rf\u00f6r f\u00f6ll valet till slut p\u00e5 \u201djag ska\u201d. Det visade sig vara ett mycket lyckat val. Bilen parkerades p\u00e5 den nya&#8230;<\/p>\n","protected":false},"author":3,"featured_media":0,"comment_status":"open","ping_status":"open","sticky":false,"template":"","format":"standard","meta":{"_monsterinsights_skip_tracking":false,"_monsterinsights_sitenote_active":false,"_monsterinsights_sitenote_note":"","_monsterinsights_sitenote_category":0,"footnotes":""},"categories":[1,11],"tags":[],"class_list":["post-1040","post","type-post","status-publish","format-standard","hentry","category-aktuellt","category-rapporter-fran-leden"],"_links":{"self":[{"href":"https:\/\/sundalsryr.se\/index.php?rest_route=\/wp\/v2\/posts\/1040"}],"collection":[{"href":"https:\/\/sundalsryr.se\/index.php?rest_route=\/wp\/v2\/posts"}],"about":[{"href":"https:\/\/sundalsryr.se\/index.php?rest_route=\/wp\/v2\/types\/post"}],"author":[{"embeddable":true,"href":"https:\/\/sundalsryr.se\/index.php?rest_route=\/wp\/v2\/users\/3"}],"replies":[{"embeddable":true,"href":"https:\/\/sundalsryr.se\/index.php?rest_route=%2Fwp%2Fv2%2Fcomments&post=1040"}],"version-history":[{"count":3,"href":"https:\/\/sundalsryr.se\/index.php?rest_route=\/wp\/v2\/posts\/1040\/revisions"}],"predecessor-version":[{"id":1368,"href":"https:\/\/sundalsryr.se\/index.php?rest_route=\/wp\/v2\/posts\/1040\/revisions\/1368"}],"wp:attachment":[{"href":"https:\/\/sundalsryr.se\/index.php?rest_route=%2Fwp%2Fv2%2Fmedia&parent=1040"}],"wp:term":[{"taxonomy":"category","embeddable":true,"href":"https:\/\/sundalsryr.se\/index.php?rest_route=%2Fwp%2Fv2%2Fcategories&post=1040"},{"taxonomy":"post_tag","embeddable":true,"href":"https:\/\/sundalsryr.se\/index.php?rest_route=%2Fwp%2Fv2%2Ftags&post=1040"}],"curies":[{"name":"wp","href":"https:\/\/api.w.org\/{rel}","templated":true}]}}