{"id":2432,"date":"2014-06-28T11:09:31","date_gmt":"2014-06-28T11:09:31","guid":{"rendered":"http:\/\/sundalsryr.se\/?p=2432"},"modified":"2014-06-28T11:09:31","modified_gmt":"2014-06-28T11:09:31","slug":"kurs-for-motorsagskorkort","status":"publish","type":"post","link":"https:\/\/sundalsryr.se\/?p=2432","title":{"rendered":"Kurs f\u00f6r motors\u00e5gsk\u00f6rkort"},"content":{"rendered":"<p><a href=\"http:\/\/sundalsryr.se\/wp-content\/uploads\/2014\/06\/Global-SCA-Skog-Press-Publikationer-Bilder-Nyhetsbilder-2013-610x790-skog-aktivitet-motorsagsutbild.jpg\"><img loading=\"lazy\" decoding=\"async\" class=\"aligncenter size-full wp-image-2433\" title=\"Global-SCA-Skog-Press-Publikationer-Bilder-Nyhetsbilder-2013-610x790-skog-aktivitet-motorsagsutbild\" src=\"http:\/\/sundalsryr.se\/wp-content\/uploads\/2014\/06\/Global-SCA-Skog-Press-Publikationer-Bilder-Nyhetsbilder-2013-610x790-skog-aktivitet-motorsagsutbild.jpg\" alt=\"\" width=\"247\" height=\"319\" srcset=\"https:\/\/sundalsryr.se\/wp-content\/uploads\/2014\/06\/Global-SCA-Skog-Press-Publikationer-Bilder-Nyhetsbilder-2013-610x790-skog-aktivitet-motorsagsutbild.jpg 247w, https:\/\/sundalsryr.se\/wp-content\/uploads\/2014\/06\/Global-SCA-Skog-Press-Publikationer-Bilder-Nyhetsbilder-2013-610x790-skog-aktivitet-motorsagsutbild-232x300.jpg 232w\" sizes=\"(max-width: 247px) 100vw, 247px\" \/><\/a><\/p>\n<p>Byalaget har f\u00e5tt f\u00f6rfr\u00e5gan om att ordna en kurs f\u00f6r de som vill ta motors\u00e5gsk\u00f6rkort. I sammarbete med studiefr\u00e4mjandet planerar vi d\u00e4rf\u00f6r en kurs nu i sommar och h\u00f6st.<\/p>\n<p>Kursen \u00e4r uppdelad p\u00e5 8 kv\u00e4llar, med b\u00f6rjan <span style=\"text-decoration: underline;\">redan tisdag den 8 juli<\/span>. D\u00e4refter blir det ett kurstillf\u00e4lle den 15 juli och sedan \u00e4r det uppeh\u00e5ll f\u00f6r semester. Till h\u00f6sten forts\u00e4tter kursen med ytterligare 6 kurstillf\u00e4llen.<\/p>\n<p>Antalet deltagare \u00e4r 7-11 st, \u00e4r intresset stort kan vi ordna ytterligare en kurs senare. Kostnaden \u00e4r 4500-4800 kr\/ pers (beroende p\u00e5 hur m\u00e5nga deltagare som \u00e4r med).<\/p>\n<p>Vill du vara med anm\u00e4ler du dig snarast (f\u00f6rst till kvarn g\u00e4ller) till Susanne Borss\u00e9n 0521-35031 eller 076-8533576 eller p\u00e5 mail \u201dsusanne.borssen@gmail.com\u201d.<\/p>\n<p>Anm\u00e4l dig redan nu!<\/p>\n","protected":false},"excerpt":{"rendered":"<p>Byalaget har f\u00e5tt f\u00f6rfr\u00e5gan om att ordna en kurs f\u00f6r de som vill ta motors\u00e5gsk\u00f6rkort. I sammarbete med studiefr\u00e4mjandet planerar vi d\u00e4rf\u00f6r en kurs nu i sommar och h\u00f6st. Kursen \u00e4r uppdelad p\u00e5 8 kv\u00e4llar, med b\u00f6rjan redan tisdag den 8 juli. D\u00e4refter blir det ett kurstillf\u00e4lle den 15 juli och sedan \u00e4r det uppeh\u00e5ll&#8230;<\/p>\n","protected":false},"author":3,"featured_media":0,"comment_status":"open","ping_status":"open","sticky":false,"template":"","format":"standard","meta":{"_monsterinsights_skip_tracking":false,"_monsterinsights_sitenote_active":false,"_monsterinsights_sitenote_note":"","_monsterinsights_sitenote_category":0,"footnotes":""},"categories":[1],"tags":[],"class_list":["post-2432","post","type-post","status-publish","format-standard","hentry","category-aktuellt"],"_links":{"self":[{"href":"https:\/\/sundalsryr.se\/index.php?rest_route=\/wp\/v2\/posts\/2432"}],"collection":[{"href":"https:\/\/sundalsryr.se\/index.php?rest_route=\/wp\/v2\/posts"}],"about":[{"href":"https:\/\/sundalsryr.se\/index.php?rest_route=\/wp\/v2\/types\/post"}],"author":[{"embeddable":true,"href":"https:\/\/sundalsryr.se\/index.php?rest_route=\/wp\/v2\/users\/3"}],"replies":[{"embeddable":true,"href":"https:\/\/sundalsryr.se\/index.php?rest_route=%2Fwp%2Fv2%2Fcomments&post=2432"}],"version-history":[{"count":1,"href":"https:\/\/sundalsryr.se\/index.php?rest_route=\/wp\/v2\/posts\/2432\/revisions"}],"predecessor-version":[{"id":2434,"href":"https:\/\/sundalsryr.se\/index.php?rest_route=\/wp\/v2\/posts\/2432\/revisions\/2434"}],"wp:attachment":[{"href":"https:\/\/sundalsryr.se\/index.php?rest_route=%2Fwp%2Fv2%2Fmedia&parent=2432"}],"wp:term":[{"taxonomy":"category","embeddable":true,"href":"https:\/\/sundalsryr.se\/index.php?rest_route=%2Fwp%2Fv2%2Fcategories&post=2432"},{"taxonomy":"post_tag","embeddable":true,"href":"https:\/\/sundalsryr.se\/index.php?rest_route=%2Fwp%2Fv2%2Ftags&post=2432"}],"curies":[{"name":"wp","href":"https:\/\/api.w.org\/{rel}","templated":true}]}}