{"id":2537,"date":"2014-09-09T11:54:10","date_gmt":"2014-09-09T11:54:10","guid":{"rendered":"http:\/\/sundalsryr.se\/?p=2537"},"modified":"2014-09-09T13:01:38","modified_gmt":"2014-09-09T13:01:38","slug":"resa-till-algbanan","status":"publish","type":"post","link":"https:\/\/sundalsryr.se\/?p=2537","title":{"rendered":"Resa till \u00e4lgbanan"},"content":{"rendered":"<p style=\"text-align: center;\">\n<figure id=\"attachment_2538\" aria-describedby=\"caption-attachment-2538\" style=\"width: 691px\" class=\"wp-caption aligncenter\"><a href=\"http:\/\/sundalsryr.se\/wp-content\/uploads\/2014\/09\/IMG_1213.jpg\"><img loading=\"lazy\" decoding=\"async\" class=\"size-full wp-image-2538   \" title=\"IMG_1213\" src=\"http:\/\/sundalsryr.se\/wp-content\/uploads\/2014\/09\/IMG_1213.jpg\" alt=\"\" width=\"691\" height=\"214\" srcset=\"https:\/\/sundalsryr.se\/wp-content\/uploads\/2014\/09\/IMG_1213.jpg 3197w, https:\/\/sundalsryr.se\/wp-content\/uploads\/2014\/09\/IMG_1213-300x92.jpg 300w, https:\/\/sundalsryr.se\/wp-content\/uploads\/2014\/09\/IMG_1213-1024x316.jpg 1024w\" sizes=\"(max-width: 691px) 100vw, 691px\" \/><\/a><figcaption id=\"caption-attachment-2538\" class=\"wp-caption-text\"> <\/figcaption><\/figure>\n<p style=\"text-align: center;\"><strong>Alla som \u00e4r intresserade av att f\u00f6lja med till \u00e4lgskjutbanan i<\/strong><\/p>\n<p style=\"text-align: center;\"><strong>Sk\u00e5llerud, P\u00e5 tosdag den 11\/9 \u00e4r det dags. <\/strong><\/p>\n<p style=\"text-align: center;\"><strong>Samling i V\u00e4stra Blekan korsningen kl 15:45 f\u00f6r sam\u00e5kning.<\/strong><\/p>\n<p style=\"text-align: center;\"><strong>Ni som inte hinner till denna tid, utan \u00e5ker sj\u00e4lva senare<\/strong><\/p>\n<p style=\"text-align: center;\"><strong> <\/strong><span style=\"font-weight: bold;\">h\u00f6r av er till Robert Lindstr\u00f6m <\/span><\/p>\n<p style=\"text-align: center;\"><strong>tele 30647 eller 073-9871102.<\/strong><\/p>\n<p style=\"text-align: center;\">\n<p style=\"text-align: center;\">\n<p style=\"text-align: center;\"><strong><br \/>\n<\/strong><\/p>\n","protected":false},"excerpt":{"rendered":"<p>Alla som \u00e4r intresserade av att f\u00f6lja med till \u00e4lgskjutbanan i Sk\u00e5llerud, P\u00e5 tosdag den 11\/9 \u00e4r det dags. Samling i V\u00e4stra Blekan korsningen kl 15:45 f\u00f6r sam\u00e5kning. Ni som inte hinner till denna tid, utan \u00e5ker sj\u00e4lva senare h\u00f6r av er till Robert Lindstr\u00f6m tele 30647 eller 073-9871102.<\/p>\n","protected":false},"author":3,"featured_media":0,"comment_status":"open","ping_status":"open","sticky":false,"template":"","format":"standard","meta":{"_monsterinsights_skip_tracking":false,"_monsterinsights_sitenote_active":false,"_monsterinsights_sitenote_note":"","_monsterinsights_sitenote_category":0,"footnotes":""},"categories":[1],"tags":[],"class_list":["post-2537","post","type-post","status-publish","format-standard","hentry","category-aktuellt"],"_links":{"self":[{"href":"https:\/\/sundalsryr.se\/index.php?rest_route=\/wp\/v2\/posts\/2537"}],"collection":[{"href":"https:\/\/sundalsryr.se\/index.php?rest_route=\/wp\/v2\/posts"}],"about":[{"href":"https:\/\/sundalsryr.se\/index.php?rest_route=\/wp\/v2\/types\/post"}],"author":[{"embeddable":true,"href":"https:\/\/sundalsryr.se\/index.php?rest_route=\/wp\/v2\/users\/3"}],"replies":[{"embeddable":true,"href":"https:\/\/sundalsryr.se\/index.php?rest_route=%2Fwp%2Fv2%2Fcomments&post=2537"}],"version-history":[{"count":3,"href":"https:\/\/sundalsryr.se\/index.php?rest_route=\/wp\/v2\/posts\/2537\/revisions"}],"predecessor-version":[{"id":2560,"href":"https:\/\/sundalsryr.se\/index.php?rest_route=\/wp\/v2\/posts\/2537\/revisions\/2560"}],"wp:attachment":[{"href":"https:\/\/sundalsryr.se\/index.php?rest_route=%2Fwp%2Fv2%2Fmedia&parent=2537"}],"wp:term":[{"taxonomy":"category","embeddable":true,"href":"https:\/\/sundalsryr.se\/index.php?rest_route=%2Fwp%2Fv2%2Fcategories&post=2537"},{"taxonomy":"post_tag","embeddable":true,"href":"https:\/\/sundalsryr.se\/index.php?rest_route=%2Fwp%2Fv2%2Ftags&post=2537"}],"curies":[{"name":"wp","href":"https:\/\/api.w.org\/{rel}","templated":true}]}}