{"id":2579,"date":"2014-09-16T17:09:17","date_gmt":"2014-09-16T17:09:17","guid":{"rendered":"http:\/\/sundalsryr.se\/?p=2579"},"modified":"2014-09-16T17:09:17","modified_gmt":"2014-09-16T17:09:17","slug":"sa-rostade-vi-i-sundals-ryr","status":"publish","type":"post","link":"https:\/\/sundalsryr.se\/?p=2579","title":{"rendered":"S\u00e5 r\u00f6stade vi i Sundals ryr"},"content":{"rendered":"<p>Valet \u00e4r \u00f6ver och h\u00e4r kommer en liten \u00f6versikt p\u00e5 hur m\u00e4nniskorna i bygden valde att r\u00f6sta i <span style=\"text-decoration: underline;\">riksdagsvalet<\/span>. P\u00e5 valdagen fanns det 413 r\u00f6stber\u00e4ttigade personer i Sundals ryr. 356 av dessa, allts\u00e5 86,2%, r\u00f6stade. 1 r\u00f6st ogiltigf\u00f6rklarades. De totalt 355 r\u00f6sterna utf\u00f6ll p\u00e5 f\u00f6ljande s\u00e4tt.<\/p>\n<p><a href=\"http:\/\/sundalsryr.se\/wp-content\/uploads\/2014\/09\/r\u00f6ster-i-sundals-ryr.png\"><img loading=\"lazy\" decoding=\"async\" class=\"aligncenter size-full wp-image-2584\" title=\"r\u00f6ster i sundals-ryr\" src=\"http:\/\/sundalsryr.se\/wp-content\/uploads\/2014\/09\/r\u00f6ster-i-sundals-ryr.png\" alt=\"\" width=\"620\" height=\"440\" srcset=\"https:\/\/sundalsryr.se\/wp-content\/uploads\/2014\/09\/r\u00f6ster-i-sundals-ryr.png 620w, https:\/\/sundalsryr.se\/wp-content\/uploads\/2014\/09\/r\u00f6ster-i-sundals-ryr-300x212.png 300w\" sizes=\"(max-width: 620px) 100vw, 620px\" \/><\/a><\/p>\n<p>Om man ist\u00e4llet vill se <strong>antalet<\/strong> r\u00f6ster p\u00e5 varje parti blev det s\u00e5h\u00e4r.<\/p>\n<p><a href=\"http:\/\/sundalsryr.se\/wp-content\/uploads\/2014\/09\/f\u00f6rdelnig-\u00f6ver-r\u00f6sterna-i-sundals-ryr.png\"><img loading=\"lazy\" decoding=\"async\" class=\"aligncenter size-full wp-image-2581\" title=\"f\u00f6rdelnig \u00f6ver r\u00f6sterna i sundals-ryr\" src=\"http:\/\/sundalsryr.se\/wp-content\/uploads\/2014\/09\/f\u00f6rdelnig-\u00f6ver-r\u00f6sterna-i-sundals-ryr.png\" alt=\"\" width=\"612\" height=\"427\" srcset=\"https:\/\/sundalsryr.se\/wp-content\/uploads\/2014\/09\/f\u00f6rdelnig-\u00f6ver-r\u00f6sterna-i-sundals-ryr.png 612w, https:\/\/sundalsryr.se\/wp-content\/uploads\/2014\/09\/f\u00f6rdelnig-\u00f6ver-r\u00f6sterna-i-sundals-ryr-300x209.png 300w\" sizes=\"(max-width: 612px) 100vw, 612px\" \/><\/a><\/p>\n","protected":false},"excerpt":{"rendered":"<p>Valet \u00e4r \u00f6ver och h\u00e4r kommer en liten \u00f6versikt p\u00e5 hur m\u00e4nniskorna i bygden valde att r\u00f6sta i riksdagsvalet. P\u00e5 valdagen fanns det 413 r\u00f6stber\u00e4ttigade personer i Sundals ryr. 356 av dessa, allts\u00e5 86,2%, r\u00f6stade. 1 r\u00f6st ogiltigf\u00f6rklarades. De totalt 355 r\u00f6sterna utf\u00f6ll p\u00e5 f\u00f6ljande s\u00e4tt. Om man ist\u00e4llet vill se antalet r\u00f6ster p\u00e5 varje&#8230;<\/p>\n","protected":false},"author":3,"featured_media":0,"comment_status":"open","ping_status":"open","sticky":false,"template":"","format":"standard","meta":{"_monsterinsights_skip_tracking":false,"_monsterinsights_sitenote_active":false,"_monsterinsights_sitenote_note":"","_monsterinsights_sitenote_category":0,"footnotes":""},"categories":[1],"tags":[],"class_list":["post-2579","post","type-post","status-publish","format-standard","hentry","category-aktuellt"],"_links":{"self":[{"href":"https:\/\/sundalsryr.se\/index.php?rest_route=\/wp\/v2\/posts\/2579"}],"collection":[{"href":"https:\/\/sundalsryr.se\/index.php?rest_route=\/wp\/v2\/posts"}],"about":[{"href":"https:\/\/sundalsryr.se\/index.php?rest_route=\/wp\/v2\/types\/post"}],"author":[{"embeddable":true,"href":"https:\/\/sundalsryr.se\/index.php?rest_route=\/wp\/v2\/users\/3"}],"replies":[{"embeddable":true,"href":"https:\/\/sundalsryr.se\/index.php?rest_route=%2Fwp%2Fv2%2Fcomments&post=2579"}],"version-history":[{"count":4,"href":"https:\/\/sundalsryr.se\/index.php?rest_route=\/wp\/v2\/posts\/2579\/revisions"}],"predecessor-version":[{"id":2587,"href":"https:\/\/sundalsryr.se\/index.php?rest_route=\/wp\/v2\/posts\/2579\/revisions\/2587"}],"wp:attachment":[{"href":"https:\/\/sundalsryr.se\/index.php?rest_route=%2Fwp%2Fv2%2Fmedia&parent=2579"}],"wp:term":[{"taxonomy":"category","embeddable":true,"href":"https:\/\/sundalsryr.se\/index.php?rest_route=%2Fwp%2Fv2%2Fcategories&post=2579"},{"taxonomy":"post_tag","embeddable":true,"href":"https:\/\/sundalsryr.se\/index.php?rest_route=%2Fwp%2Fv2%2Ftags&post=2579"}],"curies":[{"name":"wp","href":"https:\/\/api.w.org\/{rel}","templated":true}]}}