{"id":2608,"date":"2014-09-26T11:40:45","date_gmt":"2014-09-26T11:40:45","guid":{"rendered":"http:\/\/sundalsryr.se\/?p=2608"},"modified":"2014-09-26T11:42:24","modified_gmt":"2014-09-26T11:42:24","slug":"ljusare-tider","status":"publish","type":"post","link":"https:\/\/sundalsryr.se\/?p=2608","title":{"rendered":"Ljusare tider!"},"content":{"rendered":"<figure id=\"attachment_2607\" aria-describedby=\"caption-attachment-2607\" style=\"width: 300px\" class=\"wp-caption alignleft\"> <\/dt>\n<dt class=\"wp-caption-dt\"><a href=\"http:\/\/sundalsryr.se\/wp-content\/uploads\/2014\/09\/IMG_1290.jpg\"><img loading=\"lazy\" decoding=\"async\" class=\"size-medium wp-image-2607\" title=\"IMG_1290\" src=\"http:\/\/sundalsryr.se\/wp-content\/uploads\/2014\/09\/IMG_1290-300x225.jpg\" alt=\"\" width=\"300\" height=\"225\" srcset=\"https:\/\/sundalsryr.se\/wp-content\/uploads\/2014\/09\/IMG_1290-300x225.jpg 300w, https:\/\/sundalsryr.se\/wp-content\/uploads\/2014\/09\/IMG_1290-1024x768.jpg 1024w\" sizes=\"(max-width: 300px) 100vw, 300px\" \/><\/a><figcaption id=\"caption-attachment-2607\" class=\"wp-caption-text\">Hallen blir vit och fin<\/figcaption><\/figure>\n<p>Just nu genomg\u00e5r f\u00f6rsamlingshemmet en uppfr\u00e4schning. Taken i stora salen och hallen ska m\u00e5las, panelen p\u00e5 v\u00e4ggarna i hallen kommer bli vitm\u00e5lad och i stora salen blir det en ny ljus tapet. Det \u00e4r stora ytor som ska fixas till, med killarna som sk\u00f6ter det hela har lovat att det ska vara klart i god tid innan syf\u00f6reningens \u00e5rliga auktion den 18 oktober och byalagets filmvisning den 23 oktober.<\/p>\n<figure id=\"attachment_2610\" aria-describedby=\"caption-attachment-2610\" style=\"width: 747px\" class=\"wp-caption alignright\"><a href=\"http:\/\/sundalsryr.se\/wp-content\/uploads\/2014\/09\/IMG_1289.jpg\"><img loading=\"lazy\" decoding=\"async\" class=\"size-large wp-image-2610   \" title=\"IMG_1289\" src=\"http:\/\/sundalsryr.se\/wp-content\/uploads\/2014\/09\/IMG_1289-1024x768.jpg\" alt=\"\" width=\"747\" height=\"560\" srcset=\"https:\/\/sundalsryr.se\/wp-content\/uploads\/2014\/09\/IMG_1289-1024x768.jpg 1024w, https:\/\/sundalsryr.se\/wp-content\/uploads\/2014\/09\/IMG_1289-300x225.jpg 300w\" sizes=\"(max-width: 747px) 100vw, 747px\" \/><\/a><figcaption id=\"caption-attachment-2610\" class=\"wp-caption-text\">Taket som b\u00f6rjat flagna p\u00e5 vissa st\u00e4llen, blir som nytt igen.<\/figcaption><\/figure>\n","protected":false},"excerpt":{"rendered":"<p>Just nu genomg\u00e5r f\u00f6rsamlingshemmet en uppfr\u00e4schning. Taken i stora salen och hallen ska m\u00e5las, panelen p\u00e5 v\u00e4ggarna i hallen kommer bli vitm\u00e5lad och i stora salen blir det en ny ljus tapet. Det \u00e4r stora ytor som ska fixas till, med killarna som sk\u00f6ter det hela har lovat att det ska vara klart i god&#8230;<\/p>\n","protected":false},"author":3,"featured_media":0,"comment_status":"open","ping_status":"open","sticky":false,"template":"","format":"standard","meta":{"_monsterinsights_skip_tracking":false,"_monsterinsights_sitenote_active":false,"_monsterinsights_sitenote_note":"","_monsterinsights_sitenote_category":0,"footnotes":""},"categories":[1],"tags":[],"class_list":["post-2608","post","type-post","status-publish","format-standard","hentry","category-aktuellt"],"_links":{"self":[{"href":"https:\/\/sundalsryr.se\/index.php?rest_route=\/wp\/v2\/posts\/2608"}],"collection":[{"href":"https:\/\/sundalsryr.se\/index.php?rest_route=\/wp\/v2\/posts"}],"about":[{"href":"https:\/\/sundalsryr.se\/index.php?rest_route=\/wp\/v2\/types\/post"}],"author":[{"embeddable":true,"href":"https:\/\/sundalsryr.se\/index.php?rest_route=\/wp\/v2\/users\/3"}],"replies":[{"embeddable":true,"href":"https:\/\/sundalsryr.se\/index.php?rest_route=%2Fwp%2Fv2%2Fcomments&post=2608"}],"version-history":[{"count":3,"href":"https:\/\/sundalsryr.se\/index.php?rest_route=\/wp\/v2\/posts\/2608\/revisions"}],"predecessor-version":[{"id":2612,"href":"https:\/\/sundalsryr.se\/index.php?rest_route=\/wp\/v2\/posts\/2608\/revisions\/2612"}],"wp:attachment":[{"href":"https:\/\/sundalsryr.se\/index.php?rest_route=%2Fwp%2Fv2%2Fmedia&parent=2608"}],"wp:term":[{"taxonomy":"category","embeddable":true,"href":"https:\/\/sundalsryr.se\/index.php?rest_route=%2Fwp%2Fv2%2Fcategories&post=2608"},{"taxonomy":"post_tag","embeddable":true,"href":"https:\/\/sundalsryr.se\/index.php?rest_route=%2Fwp%2Fv2%2Ftags&post=2608"}],"curies":[{"name":"wp","href":"https:\/\/api.w.org\/{rel}","templated":true}]}}