{"id":285,"date":"2010-11-15T09:13:57","date_gmt":"2010-11-15T09:13:57","guid":{"rendered":"http:\/\/sundalsryr.se\/?p=285"},"modified":"2010-11-15T09:13:57","modified_gmt":"2010-11-15T09:13:57","slug":"barnloppis-i-forsamlingshemmet","status":"publish","type":"post","link":"https:\/\/sundalsryr.se\/?p=285","title":{"rendered":"Barnloppis i f\u00f6rsamlingshemmet"},"content":{"rendered":"<p><a href=\"http:\/\/sundalsryr.se\/wp-content\/uploads\/2010\/11\/172.jpg\"><img loading=\"lazy\" decoding=\"async\" class=\"alignnone size-medium wp-image-288\" title=\"Anna-Lena och Malin Barnloppis 2010\" src=\"http:\/\/sundalsryr.se\/wp-content\/uploads\/2010\/11\/172-300x225.jpg\" alt=\"\" width=\"300\" height=\"225\" srcset=\"https:\/\/sundalsryr.se\/wp-content\/uploads\/2010\/11\/172-300x225.jpg 300w, https:\/\/sundalsryr.se\/wp-content\/uploads\/2010\/11\/172-1024x768.jpg 1024w\" sizes=\"(max-width: 300px) 100vw, 300px\" \/><\/a><\/p>\n<p>I l\u00f6rdags var det andra premi\u00e4ren\u00a0f\u00f6r bygden denna helgen. Det var gubbarnas dag p\u00e5 fredag kv\u00e4ll och barnens dag (alt. mammornas) i f\u00f6rsamlingshemmet d\u00e4r det var barnloppis.<\/p>\n<p><a href=\"http:\/\/sundalsryr.se\/wp-content\/uploads\/2010\/11\/173.jpg\"><img loading=\"lazy\" decoding=\"async\" class=\"alignnone size-medium wp-image-289\" title=\"Vilgot barnloppisen 2010\" src=\"http:\/\/sundalsryr.se\/wp-content\/uploads\/2010\/11\/173-300x225.jpg\" alt=\"\" width=\"300\" height=\"225\" srcset=\"https:\/\/sundalsryr.se\/wp-content\/uploads\/2010\/11\/173-300x225.jpg 300w, https:\/\/sundalsryr.se\/wp-content\/uploads\/2010\/11\/173-1024x768.jpg 1024w\" sizes=\"(max-width: 300px) 100vw, 300px\" \/><\/a><\/p>\n<p>F\u00f6rs\u00e4ljarna bestod av mammor som m\u00e5nga fick hj\u00e4lp av sv\u00e4rm\u00f6drar eller sina mammor. En fundering: har papporna sv\u00e5rt att g\u00f6ra sig av med saker? Det var massor av saker till f\u00f6rs\u00e4ljning, barnvagnar, cyklar, kl\u00e4der-b\u00e5de nya och gamla, tupperware m.m. Det som tog slut f\u00f6rst var skidor och skridskor. Det som de flesta f\u00f6rs\u00e4ljare fick packa in i bilen igen var barnkl\u00e4der. M\u00e5nga som var d\u00e4r och s\u00e5lde var n\u00f6jda med dagen, men n\u00e5gon st\u00f6rre vinst upplevde inte alla f\u00f6r de hittade mycket att handla av de andra som var d\u00e4r och s\u00e5lde. N\u00e5gon var j\u00e4tten\u00f6jd f\u00f6r att ha g\u00e5tt +-0 men med nya saker med hem att packa in i huset. De som kom f\u00f6r att fynda var fr\u00e5n bl.a. Mellerud, Trollh\u00e4ttan, V\u00e4nersborg, F\u00e4rgelanda, Fr\u00e4ndefors m.m. Efter att ha pratat med n\u00e5gra av dem som kom f\u00f6r att fynda sa de att man var tvungen att g\u00e5 flera varv, ta en fika med hembakta kakor och v\u00e5fflor, f\u00f6r att sedan g\u00e5 ett par varv till. Man hittade alltid n\u00e5got nytt som man inte s\u00e5g f\u00f6rsta varvet. Det var n\u00e5gra som var d\u00e4r och fyndade\u00a0julklappar till sina barnbarn. Av barnens blickar kunde man utl\u00e4sa-snudd p\u00e5 julafton.<\/p>\n<p>Sammanfattningsvis tyckte alla att det var roligt och ville g\u00e4rna ha det igen till v\u00e5ren.<\/p>\n<p><a href=\"http:\/\/sundalsryr.se\/wp-content\/uploads\/2010\/11\/164.jpg\"><img loading=\"lazy\" decoding=\"async\" class=\"alignnone size-medium wp-image-286\" title=\"Ritva Kahrila-Utter Barnloppisen 2010\" src=\"http:\/\/sundalsryr.se\/wp-content\/uploads\/2010\/11\/164-300x225.jpg\" alt=\"\" width=\"300\" height=\"225\" srcset=\"https:\/\/sundalsryr.se\/wp-content\/uploads\/2010\/11\/164-300x225.jpg 300w, https:\/\/sundalsryr.se\/wp-content\/uploads\/2010\/11\/164-1024x768.jpg 1024w\" sizes=\"(max-width: 300px) 100vw, 300px\" \/><\/a><a href=\"http:\/\/sundalsryr.se\/wp-content\/uploads\/2010\/11\/167.jpg\"><img loading=\"lazy\" decoding=\"async\" class=\"alignnone size-medium wp-image-287\" title=\"barnloppisen angelica 2010\" src=\"http:\/\/sundalsryr.se\/wp-content\/uploads\/2010\/11\/167-300x225.jpg\" alt=\"\" width=\"300\" height=\"225\" srcset=\"https:\/\/sundalsryr.se\/wp-content\/uploads\/2010\/11\/167-300x225.jpg 300w, https:\/\/sundalsryr.se\/wp-content\/uploads\/2010\/11\/167-1024x768.jpg 1024w\" sizes=\"(max-width: 300px) 100vw, 300px\" \/><\/a><\/p>\n","protected":false},"excerpt":{"rendered":"<p>I l\u00f6rdags var det andra premi\u00e4ren\u00a0f\u00f6r bygden denna helgen. Det var gubbarnas dag p\u00e5 fredag kv\u00e4ll och barnens dag (alt. mammornas) i f\u00f6rsamlingshemmet d\u00e4r det var barnloppis. F\u00f6rs\u00e4ljarna bestod av mammor som m\u00e5nga fick hj\u00e4lp av sv\u00e4rm\u00f6drar eller sina mammor. En fundering: har papporna sv\u00e5rt att g\u00f6ra sig av med saker? Det var massor av&#8230;<\/p>\n","protected":false},"author":2,"featured_media":0,"comment_status":"open","ping_status":"open","sticky":false,"template":"","format":"standard","meta":{"_monsterinsights_skip_tracking":false,"_monsterinsights_sitenote_active":false,"_monsterinsights_sitenote_note":"","_monsterinsights_sitenote_category":0,"footnotes":""},"categories":[1],"tags":[],"class_list":["post-285","post","type-post","status-publish","format-standard","hentry","category-aktuellt"],"_links":{"self":[{"href":"https:\/\/sundalsryr.se\/index.php?rest_route=\/wp\/v2\/posts\/285"}],"collection":[{"href":"https:\/\/sundalsryr.se\/index.php?rest_route=\/wp\/v2\/posts"}],"about":[{"href":"https:\/\/sundalsryr.se\/index.php?rest_route=\/wp\/v2\/types\/post"}],"author":[{"embeddable":true,"href":"https:\/\/sundalsryr.se\/index.php?rest_route=\/wp\/v2\/users\/2"}],"replies":[{"embeddable":true,"href":"https:\/\/sundalsryr.se\/index.php?rest_route=%2Fwp%2Fv2%2Fcomments&post=285"}],"version-history":[{"count":2,"href":"https:\/\/sundalsryr.se\/index.php?rest_route=\/wp\/v2\/posts\/285\/revisions"}],"predecessor-version":[{"id":291,"href":"https:\/\/sundalsryr.se\/index.php?rest_route=\/wp\/v2\/posts\/285\/revisions\/291"}],"wp:attachment":[{"href":"https:\/\/sundalsryr.se\/index.php?rest_route=%2Fwp%2Fv2%2Fmedia&parent=285"}],"wp:term":[{"taxonomy":"category","embeddable":true,"href":"https:\/\/sundalsryr.se\/index.php?rest_route=%2Fwp%2Fv2%2Fcategories&post=285"},{"taxonomy":"post_tag","embeddable":true,"href":"https:\/\/sundalsryr.se\/index.php?rest_route=%2Fwp%2Fv2%2Ftags&post=285"}],"curies":[{"name":"wp","href":"https:\/\/api.w.org\/{rel}","templated":true}]}}