{"id":3010,"date":"2015-06-08T18:32:46","date_gmt":"2015-06-08T18:32:46","guid":{"rendered":"http:\/\/sundalsryr.se\/?p=3010"},"modified":"2015-06-08T18:32:46","modified_gmt":"2015-06-08T18:32:46","slug":"nya-kartor","status":"publish","type":"post","link":"https:\/\/sundalsryr.se\/?p=3010","title":{"rendered":"Nya kartor"},"content":{"rendered":"<figure id=\"attachment_3011\" aria-describedby=\"caption-attachment-3011\" style=\"width: 214px\" class=\"wp-caption alignleft\"><a href=\"http:\/\/sundalsryr.se\/wp-content\/uploads\/2015\/06\/IMG_2302.jpg\"><img loading=\"lazy\" decoding=\"async\" class=\"size-medium wp-image-3011\" title=\"IMG_2302\" src=\"http:\/\/sundalsryr.se\/wp-content\/uploads\/2015\/06\/IMG_2302-214x300.jpg\" alt=\"\" width=\"214\" height=\"300\" srcset=\"https:\/\/sundalsryr.se\/wp-content\/uploads\/2015\/06\/IMG_2302-214x300.jpg 214w, https:\/\/sundalsryr.se\/wp-content\/uploads\/2015\/06\/IMG_2302-730x1023.jpg 730w\" sizes=\"(max-width: 214px) 100vw, 214px\" \/><\/a><figcaption id=\"caption-attachment-3011\" class=\"wp-caption-text\"> <\/figcaption><\/figure>\n<p>Nu finns det \u00e5terigen kartor \u00f6ver lederna att k\u00f6pa. De nya \u00e4r st\u00f6rre och finare men priset \u00e4r detsamma som tidigare, 100 kr f\u00f6r kartan och 160 kr f\u00f6r kartan + beskrivning av lederna. De finns till f\u00f6rs\u00e4ljning p\u00e5 Evenstorps halloncaf\u00e9 som har \u00f6ppet alla dagar fr\u00e5n v 26. Nu p\u00e5 l\u00f6rdag (13\/6) s\u00e4ljs de \u00e4ven i Gallerian i Br\u00e5landa.<\/p>\n<figure id=\"attachment_3012\" aria-describedby=\"caption-attachment-3012\" style=\"width: 225px\" class=\"wp-caption alignright\"><a href=\"http:\/\/sundalsryr.se\/wp-content\/uploads\/2015\/06\/IMG_2301.jpg\"><img loading=\"lazy\" decoding=\"async\" class=\"size-medium wp-image-3012\" title=\"IMG_2301\" src=\"http:\/\/sundalsryr.se\/wp-content\/uploads\/2015\/06\/IMG_2301-225x300.jpg\" alt=\"\" width=\"225\" height=\"300\" srcset=\"https:\/\/sundalsryr.se\/wp-content\/uploads\/2015\/06\/IMG_2301-225x300.jpg 225w, https:\/\/sundalsryr.se\/wp-content\/uploads\/2015\/06\/IMG_2301-768x1024.jpg 768w\" sizes=\"(max-width: 225px) 100vw, 225px\" \/><\/a><figcaption id=\"caption-attachment-3012\" class=\"wp-caption-text\"> <\/figcaption><\/figure>\n","protected":false},"excerpt":{"rendered":"<p>Nu finns det \u00e5terigen kartor \u00f6ver lederna att k\u00f6pa. De nya \u00e4r st\u00f6rre och finare men priset \u00e4r detsamma som tidigare, 100 kr f\u00f6r kartan och 160 kr f\u00f6r kartan + beskrivning av lederna. De finns till f\u00f6rs\u00e4ljning p\u00e5 Evenstorps halloncaf\u00e9 som har \u00f6ppet alla dagar fr\u00e5n v 26. Nu p\u00e5 l\u00f6rdag (13\/6) s\u00e4ljs de&#8230;<\/p>\n","protected":false},"author":3,"featured_media":0,"comment_status":"open","ping_status":"open","sticky":false,"template":"","format":"standard","meta":{"_monsterinsights_skip_tracking":false,"_monsterinsights_sitenote_active":false,"_monsterinsights_sitenote_note":"","_monsterinsights_sitenote_category":0,"footnotes":""},"categories":[1],"tags":[],"class_list":["post-3010","post","type-post","status-publish","format-standard","hentry","category-aktuellt"],"_links":{"self":[{"href":"https:\/\/sundalsryr.se\/index.php?rest_route=\/wp\/v2\/posts\/3010"}],"collection":[{"href":"https:\/\/sundalsryr.se\/index.php?rest_route=\/wp\/v2\/posts"}],"about":[{"href":"https:\/\/sundalsryr.se\/index.php?rest_route=\/wp\/v2\/types\/post"}],"author":[{"embeddable":true,"href":"https:\/\/sundalsryr.se\/index.php?rest_route=\/wp\/v2\/users\/3"}],"replies":[{"embeddable":true,"href":"https:\/\/sundalsryr.se\/index.php?rest_route=%2Fwp%2Fv2%2Fcomments&post=3010"}],"version-history":[{"count":2,"href":"https:\/\/sundalsryr.se\/index.php?rest_route=\/wp\/v2\/posts\/3010\/revisions"}],"predecessor-version":[{"id":3014,"href":"https:\/\/sundalsryr.se\/index.php?rest_route=\/wp\/v2\/posts\/3010\/revisions\/3014"}],"wp:attachment":[{"href":"https:\/\/sundalsryr.se\/index.php?rest_route=%2Fwp%2Fv2%2Fmedia&parent=3010"}],"wp:term":[{"taxonomy":"category","embeddable":true,"href":"https:\/\/sundalsryr.se\/index.php?rest_route=%2Fwp%2Fv2%2Fcategories&post=3010"},{"taxonomy":"post_tag","embeddable":true,"href":"https:\/\/sundalsryr.se\/index.php?rest_route=%2Fwp%2Fv2%2Ftags&post=3010"}],"curies":[{"name":"wp","href":"https:\/\/api.w.org\/{rel}","templated":true}]}}