{"id":3033,"date":"2015-07-12T21:25:31","date_gmt":"2015-07-12T21:25:31","guid":{"rendered":"http:\/\/sundalsryr.se\/?p=3033"},"modified":"2015-07-13T04:40:22","modified_gmt":"2015-07-13T04:40:22","slug":"3033","status":"publish","type":"post","link":"https:\/\/sundalsryr.se\/?p=3033","title":{"rendered":"Stenk\u00e4rringarna"},"content":{"rendered":"<figure id=\"attachment_3034\" aria-describedby=\"caption-attachment-3034\" style=\"width: 538px\" class=\"wp-caption aligncenter\"><a href=\"http:\/\/sundalsryr.se\/wp-content\/uploads\/2015\/07\/IMG_2489.jpg\"><img loading=\"lazy\" decoding=\"async\" class=\"size-large wp-image-3034 \" title=\"IMG_2489\" src=\"http:\/\/sundalsryr.se\/wp-content\/uploads\/2015\/07\/IMG_2489-768x1024.jpg\" alt=\"\" width=\"538\" height=\"717\" srcset=\"https:\/\/sundalsryr.se\/wp-content\/uploads\/2015\/07\/IMG_2489-768x1024.jpg 768w, https:\/\/sundalsryr.se\/wp-content\/uploads\/2015\/07\/IMG_2489-225x300.jpg 225w\" sizes=\"(max-width: 538px) 100vw, 538px\" \/><\/a><figcaption id=\"caption-attachment-3034\" class=\"wp-caption-text\">Stenk\u00e4rring p\u00e5 Kroppefj\u00e4ll<\/figcaption><\/figure>\n<p>Semestertider. Tid att ladda batterierna. Tid att fly fr\u00e5n mediabrus och st\u00e4ndig tillg\u00e4nglighet. Tid att byta uppkopplad mot avkopplad.<\/p>\n<p>Jag best\u00e4mmer mig f\u00f6r en promenad i stenk\u00e4rringarnas rike. Tar bilen mot Hallesj\u00f6n p\u00e5 Kroppefj\u00e4ll, men halvv\u00e4gs sv\u00e4nger jag v\u00e4nster in p\u00e5 Ringedalsv\u00e4gen. Efter ett par kilometer finns en parkering, d\u00e4rifr\u00e5n g\u00e5r en stig m\u00e4rkt med L\u00e4nsstyrelsens orange markering.<\/p>\n<figure id=\"attachment_3035\" aria-describedby=\"caption-attachment-3035\" style=\"width: 300px\" class=\"wp-caption alignright\"><a href=\"http:\/\/sundalsryr.se\/wp-content\/uploads\/2015\/07\/IMG_2540.jpg\"><img loading=\"lazy\" decoding=\"async\" class=\"size-medium wp-image-3035\" title=\"IMG_2540\" src=\"http:\/\/sundalsryr.se\/wp-content\/uploads\/2015\/07\/IMG_2540-300x225.jpg\" alt=\"\" width=\"300\" height=\"225\" srcset=\"https:\/\/sundalsryr.se\/wp-content\/uploads\/2015\/07\/IMG_2540-300x225.jpg 300w, https:\/\/sundalsryr.se\/wp-content\/uploads\/2015\/07\/IMG_2540-1024x768.jpg 1024w\" sizes=\"(max-width: 300px) 100vw, 300px\" \/><\/a><figcaption id=\"caption-attachment-3035\" class=\"wp-caption-text\">Del av kartan som heter &quot;Fj\u00e4llet&quot;<\/figcaption><\/figure>\n<p>Stigen g\u00e5r mot sl\u00e4ttfj\u00e4llet, den ringlar sig fram, upp och ner, h\u00f6ger, v\u00e4nster. P\u00e5 1800-talet var h\u00e4r kalt och skogl\u00f6st, nu v\u00e4xer det skog men marken \u00e4r mager och tr\u00e4den \u00e4r sm\u00e5 och knotiga. Jag vandrar \u00f6ver bergh\u00e4llar och myrar, \u00e4ngsullen blommar med sina vita tussar och det gula fjol\u00e5rsgr\u00e4set prasslar runt f\u00f6tterna. Den stimmiga v\u00e4rlden f\u00f6rsvinner, h\u00e4r \u00e4r det mycket enkelt att vara.<\/p>\n<p>Efter en kilometer f\u00e5r jag syn p\u00e5 den f\u00f6rsta, hon st\u00e5r p\u00e5 en kulle bara n\u00e5gra meter fr\u00e5n stigen. Stenk\u00e4rringar \u00e4r stenar staplade p\u00e5 varandra, ungef\u00e4r lika h\u00f6ga som m\u00e4nniskor. Det s\u00e4gs att de byggdes av barnen som vallade de betande boskapen. P\u00e5 sl\u00e4ttfj\u00e4llet ser allt n\u00e4stan likadant ut. Berg efter berg, myr efter myr, man kan l\u00e4tt f\u00f6rst\u00e5 att de beh\u00f6vde orienteringsm\u00e4rken. N\u00e4r fj\u00e4llet var skogl\u00f6st syntes k\u00e4rringarna p\u00e5 l\u00e5ngt h\u00e5ll, de byggdes med en liten \u00f6ppning l\u00e4ngst upp. Kikade man igenom den skulle man kunna se antingen en annan stenk\u00e4rring, ett hus eller en kyrka. Under \u00e5rens lopp har k\u00e4rringarna rasat och byggts upp igen, nu finns det inte l\u00e4ngre n\u00e5gon \u00f6ppning att kika genom.<\/p>\n<figure id=\"attachment_3036\" aria-describedby=\"caption-attachment-3036\" style=\"width: 225px\" class=\"wp-caption alignleft\"><a href=\"http:\/\/sundalsryr.se\/wp-content\/uploads\/2015\/07\/IMG_2504.jpg\"><img loading=\"lazy\" decoding=\"async\" class=\"size-medium wp-image-3036\" title=\"IMG_2504\" src=\"http:\/\/sundalsryr.se\/wp-content\/uploads\/2015\/07\/IMG_2504-225x300.jpg\" alt=\"\" width=\"225\" height=\"300\" srcset=\"https:\/\/sundalsryr.se\/wp-content\/uploads\/2015\/07\/IMG_2504-225x300.jpg 225w, https:\/\/sundalsryr.se\/wp-content\/uploads\/2015\/07\/IMG_2504-768x1024.jpg 768w\" sizes=\"(max-width: 225px) 100vw, 225px\" \/><\/a><figcaption id=\"caption-attachment-3036\" class=\"wp-caption-text\"> <\/figcaption><\/figure>\n<p>Vandringen forts\u00e4tter, stigen \u00e4r krokig och smal, precis s\u00e5 som en stig in i det vilda ska vara. Lite otillg\u00e4nglig, lite sv\u00e5r och lite sp\u00e4nnande. Allt ska inte uppt\u00e4ckas p\u00e5 en g\u00e5ng. Var sak har sin tid.<\/p>\n<p>\u00c5t h\u00f6ger har jag nu en stor mosse och n\u00e5gonstans ute p\u00e5 den finns passet som j\u00e4garna kallar \u201dvita \u00e4lgen\u201d. \u00a0Dagen \u00e4r ljus och v\u00e4dret klart, men t\u00e4nk att f\u00f6rsiktigt smyga fram h\u00e4r en tidig \u00e4lgjaktsmorgon i oktober, n\u00e4r m\u00f6rkret g\u00f6r det sv\u00e5rt att se var man s\u00e4tter f\u00f6tterna och bergh\u00e4llarna \u00e4r hala av fukt. Allt \u00e4r l\u00e4ttare om sommaren.<\/p>\n<figure id=\"attachment_3037\" aria-describedby=\"caption-attachment-3037\" style=\"width: 300px\" class=\"wp-caption alignright\"><a href=\"http:\/\/sundalsryr.se\/wp-content\/uploads\/2015\/07\/IMG_2492.jpg\"><img loading=\"lazy\" decoding=\"async\" class=\"size-medium wp-image-3037\" title=\"IMG_2492\" src=\"http:\/\/sundalsryr.se\/wp-content\/uploads\/2015\/07\/IMG_2492-300x225.jpg\" alt=\"\" width=\"300\" height=\"225\" srcset=\"https:\/\/sundalsryr.se\/wp-content\/uploads\/2015\/07\/IMG_2492-300x225.jpg 300w, https:\/\/sundalsryr.se\/wp-content\/uploads\/2015\/07\/IMG_2492-1024x768.jpg 1024w\" sizes=\"(max-width: 300px) 100vw, 300px\" \/><\/a><figcaption id=\"caption-attachment-3037\" class=\"wp-caption-text\">Stig mot det ok\u00e4nda<\/figcaption><\/figure>\n<p>Snart tr\u00e4ffar jag p\u00e5 \u00e4nnu en stenk\u00e4rring och beslutar att dricka mitt kaffe vid den. En slogan p\u00e5 sundals ryrs kartor och vykort lyder \u201dtid f\u00f6r dig sj\u00e4lv\u201d. Ingenstans verkar det passa s\u00e5 bra som h\u00e4r. H\u00e4r h\u00e4rskar lugnet. Det var s\u00e4kert l\u00e4nge sedan n\u00e5gon gjorde denna stenk\u00e4rring \u00a0s\u00e4llskap. Den f\u00f6rra som \u00e5t sin mats\u00e4ck h\u00e4r kanske var ett barn som hade till uppgift att h\u00e5lla ordning p\u00e5 kreaturen. Smutsiga bara f\u00f6tter, smala ben och en r\u00e4nsel med n\u00e5gra grova br\u00f6d. Vatten fr\u00e5n en fj\u00e4llb\u00e4ck. \u00a0Denna h\u00f6jd var nog en bra plats att h\u00e5lla vakt fr\u00e5n.<\/p>\n<figure id=\"attachment_3038\" aria-describedby=\"caption-attachment-3038\" style=\"width: 368px\" class=\"wp-caption alignleft\"><a href=\"http:\/\/sundalsryr.se\/wp-content\/uploads\/2015\/07\/IMG_2557.jpg\"><img loading=\"lazy\" decoding=\"async\" class=\"size-large wp-image-3038   \" title=\"IMG_2557\" src=\"http:\/\/sundalsryr.se\/wp-content\/uploads\/2015\/07\/IMG_2557-1023x704.jpg\" alt=\"\" width=\"368\" height=\"253\" srcset=\"https:\/\/sundalsryr.se\/wp-content\/uploads\/2015\/07\/IMG_2557-1023x704.jpg 1023w, https:\/\/sundalsryr.se\/wp-content\/uploads\/2015\/07\/IMG_2557-300x206.jpg 300w\" sizes=\"(max-width: 368px) 100vw, 368px\" \/><\/a><figcaption id=\"caption-attachment-3038\" class=\"wp-caption-text\">Sundals ryrs vykort<\/figcaption><\/figure>\n<p>Naturen \u00e4r den skickligaste formgiveren av alla. Skog, \u00e4ngar och myrar i en m\u00e4sterlig f\u00f6rening. Mjuka former skapade av h\u00e5rdaste berg. Tr\u00e4dens grova bark har invecklade m\u00f6nster. En skogstj\u00e4rn svart som natten, en bl\u00e5 himmel med vita bommullsmoln.<\/p>\n<p>H\u00e4r har man verkligen tid f\u00f6r sig sj\u00e4lv. S\u00e5 l\u00e4nge mygg och knott h\u00e5ller sig borta finns det inget som stressar.\u00a0 Detta \u00e4r orrarnas och tj\u00e4drarnas rike. Jag spanar ut \u00f6ver mossen och fantasin skapar bilder. Bj\u00f6rkstammar f\u00f6rvandlas till \u00e4lgben och en krokig gren blir en f\u00e5gelhals, men hunden ligger stilla s\u00e5 jag vet att det bara \u00e4r inbillning.<\/p>\n<p>Stenk\u00e4rringarna har namn som Svingdalsk\u00e4rringa, M\u00e5kek\u00e4rringa och Gammel-johanna, de flesta av dem st\u00e5r d\u00e4r sockengr\u00e4nserna mellan \u00d6r, Sundals ryr och H\u00f6gs\u00e4ter m\u00f6ts. Gammel-johanna \u00e4r st\u00f6rst av dem alla med sina tv\u00e5 meter, jag funderar p\u00e5 var man hittat stenarna till dem. Det finns n\u00e4stan inga l\u00f6sa stenar h\u00e4r p\u00e5 det sl\u00e4ta berget.<\/p>\n<figure id=\"attachment_3039\" aria-describedby=\"caption-attachment-3039\" style=\"width: 461px\" class=\"wp-caption alignright\"><a href=\"http:\/\/sundalsryr.se\/wp-content\/uploads\/2015\/07\/IMG_2509.jpg\"><img loading=\"lazy\" decoding=\"async\" class=\"size-large wp-image-3039 \" title=\"IMG_2509\" src=\"http:\/\/sundalsryr.se\/wp-content\/uploads\/2015\/07\/IMG_2509-768x1024.jpg\" alt=\"\" width=\"461\" height=\"614\" srcset=\"https:\/\/sundalsryr.se\/wp-content\/uploads\/2015\/07\/IMG_2509-768x1024.jpg 768w, https:\/\/sundalsryr.se\/wp-content\/uploads\/2015\/07\/IMG_2509-225x300.jpg 225w\" sizes=\"(max-width: 461px) 100vw, 461px\" \/><\/a><figcaption id=\"caption-attachment-3039\" class=\"wp-caption-text\">Tr\u00e4d med grov bark<\/figcaption><\/figure>\n<p>Jag packar ner min termos i ryggs\u00e4cken och tackar den namnl\u00f6sa stenk\u00e4rringen f\u00f6r s\u00e4llskapet. Hunden protesterar lite n\u00e4r jag g\u00e5r tillbaka mot bilen, hon hade nog t\u00e4nkt sig att g\u00e5 hela rundan runt Dalen och \u00c5lestugan. Men snart kommer hon p\u00e5 andra tankar och b\u00f6rjar lukta efter sp\u00e4nnande dofter vid sidan om stigen.<\/p>\n<p>Tillbaka vid bilen ser jag att det kommit \u00e4nnu en bil till parkeringen. Jag har inte m\u00f6tt n\u00e5gon s\u00e5 de m\u00e5ste ha valt en annan v\u00e4g p\u00e5 sin utflykt. Valm\u00f6jligheterna \u00e4r m\u00e5nga, men nu kallar vardagen \u00e5ter. Det f\u00e5r bli andra \u00e4ventyr en annan dag.<\/p>\n<p>\/Susanne Borss\u00e9n<\/p>\n","protected":false},"excerpt":{"rendered":"<p>Semestertider. Tid att ladda batterierna. Tid att fly fr\u00e5n mediabrus och st\u00e4ndig tillg\u00e4nglighet. Tid att byta uppkopplad mot avkopplad. Jag best\u00e4mmer mig f\u00f6r en promenad i stenk\u00e4rringarnas rike. Tar bilen mot Hallesj\u00f6n p\u00e5 Kroppefj\u00e4ll, men halvv\u00e4gs sv\u00e4nger jag v\u00e4nster in p\u00e5 Ringedalsv\u00e4gen. Efter ett par kilometer finns en parkering, d\u00e4rifr\u00e5n g\u00e5r en stig m\u00e4rkt med&#8230;<\/p>\n","protected":false},"author":3,"featured_media":0,"comment_status":"open","ping_status":"open","sticky":false,"template":"","format":"standard","meta":{"_monsterinsights_skip_tracking":false,"_monsterinsights_sitenote_active":false,"_monsterinsights_sitenote_note":"","_monsterinsights_sitenote_category":0,"footnotes":""},"categories":[1],"tags":[],"class_list":["post-3033","post","type-post","status-publish","format-standard","hentry","category-aktuellt"],"_links":{"self":[{"href":"https:\/\/sundalsryr.se\/index.php?rest_route=\/wp\/v2\/posts\/3033"}],"collection":[{"href":"https:\/\/sundalsryr.se\/index.php?rest_route=\/wp\/v2\/posts"}],"about":[{"href":"https:\/\/sundalsryr.se\/index.php?rest_route=\/wp\/v2\/types\/post"}],"author":[{"embeddable":true,"href":"https:\/\/sundalsryr.se\/index.php?rest_route=\/wp\/v2\/users\/3"}],"replies":[{"embeddable":true,"href":"https:\/\/sundalsryr.se\/index.php?rest_route=%2Fwp%2Fv2%2Fcomments&post=3033"}],"version-history":[{"count":4,"href":"https:\/\/sundalsryr.se\/index.php?rest_route=\/wp\/v2\/posts\/3033\/revisions"}],"predecessor-version":[{"id":3043,"href":"https:\/\/sundalsryr.se\/index.php?rest_route=\/wp\/v2\/posts\/3033\/revisions\/3043"}],"wp:attachment":[{"href":"https:\/\/sundalsryr.se\/index.php?rest_route=%2Fwp%2Fv2%2Fmedia&parent=3033"}],"wp:term":[{"taxonomy":"category","embeddable":true,"href":"https:\/\/sundalsryr.se\/index.php?rest_route=%2Fwp%2Fv2%2Fcategories&post=3033"},{"taxonomy":"post_tag","embeddable":true,"href":"https:\/\/sundalsryr.se\/index.php?rest_route=%2Fwp%2Fv2%2Ftags&post=3033"}],"curies":[{"name":"wp","href":"https:\/\/api.w.org\/{rel}","templated":true}]}}