{"id":3055,"date":"2015-07-27T09:08:56","date_gmt":"2015-07-27T09:08:56","guid":{"rendered":"http:\/\/sundalsryr.se\/?p=3055"},"modified":"2015-07-27T09:10:12","modified_gmt":"2015-07-27T09:10:12","slug":"snart-i-din-brevlada","status":"publish","type":"post","link":"https:\/\/sundalsryr.se\/?p=3055","title":{"rendered":"Snart i din brevl\u00e5da."},"content":{"rendered":"<figure id=\"attachment_3056\" aria-describedby=\"caption-attachment-3056\" style=\"width: 491px\" class=\"wp-caption alignright\"><a href=\"http:\/\/sundalsryr.se\/wp-content\/uploads\/2015\/07\/IMG_2716.jpg\"><img loading=\"lazy\" decoding=\"async\" class=\"size-large wp-image-3056  \" title=\"IMG_2716\" src=\"http:\/\/sundalsryr.se\/wp-content\/uploads\/2015\/07\/IMG_2716-1024x768.jpg\" alt=\"\" width=\"491\" height=\"369\" srcset=\"https:\/\/sundalsryr.se\/wp-content\/uploads\/2015\/07\/IMG_2716-1024x768.jpg 1024w, https:\/\/sundalsryr.se\/wp-content\/uploads\/2015\/07\/IMG_2716-300x225.jpg 300w\" sizes=\"(max-width: 491px) 100vw, 491px\" \/><\/a><figcaption id=\"caption-attachment-3056\" class=\"wp-caption-text\"> <\/figcaption><\/figure>\n<p>Nu \u00e4r snart ett nytt Byablad med h\u00f6stens sp\u00e4nnande aktiviteter p\u00e5 v\u00e4g till din brevl\u00e5da. F\u00f6r dig som inte bor i Sundals ryr eller om du vill l\u00e4sa det redan nu s\u00e5 finns det under fliken \u201d p\u00e5 g\u00e5ng i bygden\u201d.<\/p>\n<p>V\u00e5r f\u00f6rhoppning \u00e4r att det ska finnas n\u00e5got f\u00f6r alla, men vill du vara med och p\u00e5verka vad som h\u00e4nder eller ge f\u00f6rslag p\u00e5 aktiviteter f\u00e5r du g\u00e4rna h\u00f6ra av dig till n\u00e5gon i styrelsen.<\/p>\n<p>Ha en fortsatt bra sommar och en fin h\u00f6st, h\u00e4lsar byalagets styrelse.<\/p>\n","protected":false},"excerpt":{"rendered":"<p>Nu \u00e4r snart ett nytt Byablad med h\u00f6stens sp\u00e4nnande aktiviteter p\u00e5 v\u00e4g till din brevl\u00e5da. F\u00f6r dig som inte bor i Sundals ryr eller om du vill l\u00e4sa det redan nu s\u00e5 finns det under fliken \u201d p\u00e5 g\u00e5ng i bygden\u201d. V\u00e5r f\u00f6rhoppning \u00e4r att det ska finnas n\u00e5got f\u00f6r alla, men vill du vara&#8230;<\/p>\n","protected":false},"author":3,"featured_media":0,"comment_status":"open","ping_status":"open","sticky":false,"template":"","format":"standard","meta":{"_monsterinsights_skip_tracking":false,"_monsterinsights_sitenote_active":false,"_monsterinsights_sitenote_note":"","_monsterinsights_sitenote_category":0,"footnotes":""},"categories":[1],"tags":[],"class_list":["post-3055","post","type-post","status-publish","format-standard","hentry","category-aktuellt"],"_links":{"self":[{"href":"https:\/\/sundalsryr.se\/index.php?rest_route=\/wp\/v2\/posts\/3055"}],"collection":[{"href":"https:\/\/sundalsryr.se\/index.php?rest_route=\/wp\/v2\/posts"}],"about":[{"href":"https:\/\/sundalsryr.se\/index.php?rest_route=\/wp\/v2\/types\/post"}],"author":[{"embeddable":true,"href":"https:\/\/sundalsryr.se\/index.php?rest_route=\/wp\/v2\/users\/3"}],"replies":[{"embeddable":true,"href":"https:\/\/sundalsryr.se\/index.php?rest_route=%2Fwp%2Fv2%2Fcomments&post=3055"}],"version-history":[{"count":2,"href":"https:\/\/sundalsryr.se\/index.php?rest_route=\/wp\/v2\/posts\/3055\/revisions"}],"predecessor-version":[{"id":3058,"href":"https:\/\/sundalsryr.se\/index.php?rest_route=\/wp\/v2\/posts\/3055\/revisions\/3058"}],"wp:attachment":[{"href":"https:\/\/sundalsryr.se\/index.php?rest_route=%2Fwp%2Fv2%2Fmedia&parent=3055"}],"wp:term":[{"taxonomy":"category","embeddable":true,"href":"https:\/\/sundalsryr.se\/index.php?rest_route=%2Fwp%2Fv2%2Fcategories&post=3055"},{"taxonomy":"post_tag","embeddable":true,"href":"https:\/\/sundalsryr.se\/index.php?rest_route=%2Fwp%2Fv2%2Ftags&post=3055"}],"curies":[{"name":"wp","href":"https:\/\/api.w.org\/{rel}","templated":true}]}}