{"id":3059,"date":"2015-07-29T17:39:42","date_gmt":"2015-07-29T17:39:42","guid":{"rendered":"http:\/\/sundalsryr.se\/?p=3059"},"modified":"2015-07-29T17:39:42","modified_gmt":"2015-07-29T17:39:42","slug":"trandans-och-snigeljakt","status":"publish","type":"post","link":"https:\/\/sundalsryr.se\/?p=3059","title":{"rendered":"Trandans och snigeljakt"},"content":{"rendered":"<h1>\n<p><figure id=\"attachment_3060\" aria-describedby=\"caption-attachment-3060\" style=\"width: 368px\" class=\"wp-caption alignleft\"><a href=\"http:\/\/sundalsryr.se\/wp-content\/uploads\/2015\/07\/IMG_5924.jpg\"><img loading=\"lazy\" decoding=\"async\" class=\"size-large wp-image-3060 \" title=\"IMG_5924\" src=\"http:\/\/sundalsryr.se\/wp-content\/uploads\/2015\/07\/IMG_5924-1024x682.jpg\" alt=\"\" width=\"368\" height=\"245\" srcset=\"https:\/\/sundalsryr.se\/wp-content\/uploads\/2015\/07\/IMG_5924-1024x682.jpg 1024w, https:\/\/sundalsryr.se\/wp-content\/uploads\/2015\/07\/IMG_5924-300x200.jpg 300w\" sizes=\"(max-width: 368px) 100vw, 368px\" \/><\/a><figcaption id=\"caption-attachment-3060\" class=\"wp-caption-text\"> <\/figcaption><\/figure><\/h1>\n<h1><span style=\"font-size: 13px; font-weight: normal;\">20150720 Denna \u00e5terblick f\u00e5r fungera som inledning till nedan ber\u00e4ttelse.<\/span><\/h1>\n<p>Under morgonpromenaden tr\u00e4ffade vi p\u00e5 (jag och Kollie) traktens tranpar. Vi m\u00f6ttes just d\u00e4r skog m\u00f6ter \u00e5ker och jag kan erk\u00e4nna att de s\u00e5g mig f\u00f6rst. Det k\u00e4ndes som om hela jag krackelerade mitt i steget. Jag blev &#8221;tagen p\u00e5 s\u00e4ngen&#8221; s\u00e5 att s\u00e4ga eftersom jag gick d\u00e4r och tralladiradirallade f\u00f6r mig sj\u00e4lv och t\u00e4nkte p\u00e5 annat. Ett tranpar p\u00e5 n\u00e4ra h\u00e5ll har oanade r\u00f6stresurser och \u00e4r v\u00e4\u00e4\u00e4ldigt stora. Ja j\u00e4drarimig. Jag str\u00f6k f\u00f6rbi n\u00e4ra skogskanten f\u00f6r att inte st\u00f6ra mer \u00e4n jag gjort och vi h\u00f6ll god koll p\u00e5 varandra. Allt gick fredligt till. Tranorna lyfte men inte jag och Kollie. Har aldrig sett dem p\u00e5 s\u00e5 n\u00e4ra h\u00e5ll f\u00f6rut (10m), inte ens vid Hornborgarsj\u00f6n. Grym k\u00e4nsla att ha varit s\u00e5 n\u00e4ra (s\u00e5 h\u00e4r i efterhand).<\/p>\n<figure id=\"attachment_3061\" aria-describedby=\"caption-attachment-3061\" style=\"width: 922px\" class=\"wp-caption aligncenter\"><a href=\"http:\/\/sundalsryr.se\/wp-content\/uploads\/2015\/07\/IMG_5921.jpg\"><img loading=\"lazy\" decoding=\"async\" class=\"size-large wp-image-3061 \" title=\"IMG_5921\" src=\"http:\/\/sundalsryr.se\/wp-content\/uploads\/2015\/07\/IMG_5921-1024x682.jpg\" alt=\"\" width=\"922\" height=\"614\" srcset=\"https:\/\/sundalsryr.se\/wp-content\/uploads\/2015\/07\/IMG_5921-1024x682.jpg 1024w, https:\/\/sundalsryr.se\/wp-content\/uploads\/2015\/07\/IMG_5921-300x200.jpg 300w\" sizes=\"(max-width: 922px) 100vw, 922px\" \/><\/a><figcaption id=\"caption-attachment-3061\" class=\"wp-caption-text\"> <\/figcaption><\/figure>\n<p>20150716 Inledning del 2.<\/p>\n<p>2&#8217;a augusti f\u00f6rra \u00e5ret ber\u00e4ttade jag om hur jag \u00f6verraskades av traktens (<a href=\"https:\/\/www.facebook.com\/pages\/Sundals-Ryr\/186676998039162\">Sundals Ryr<\/a>) egna tranpar. Under dagens morgonpromenad \u00f6verraskades jag inte eftersom jag h\u00f6rde de l\u00e5ngt innan jag s\u00e5g dem och m\u00e4rkte ocks\u00e5 att jag gick mot ljudet. De \u00e4r kanske inte s\u00e5 praktfulla som p\u00e5f\u00e5glar och deras s\u00e5ng kanske inte s\u00e5 vacker som en n\u00e4ktergals men jag k\u00e4nner mig privilegierad att ha dem som n\u00e4ra grannar under v\u00e5rt varma halv\u00e5r. \u00c4ven denna g\u00e5ng fick jag komma dem ganska n\u00e4ra innan de lyfte och jag m\u00e5ste s\u00e4ga att de \u00e4r magnifika i sin storhet. H\u00e4ftig upplevelse.<\/p>\n<figure id=\"attachment_3062\" aria-describedby=\"caption-attachment-3062\" style=\"width: 300px\" class=\"wp-caption alignleft\"><a href=\"http:\/\/sundalsryr.se\/wp-content\/uploads\/2015\/07\/IMG_5909.jpg\"><img loading=\"lazy\" decoding=\"async\" class=\"size-medium wp-image-3062\" title=\"IMG_5909\" src=\"http:\/\/sundalsryr.se\/wp-content\/uploads\/2015\/07\/IMG_5909-300x200.jpg\" alt=\"\" width=\"300\" height=\"200\" srcset=\"https:\/\/sundalsryr.se\/wp-content\/uploads\/2015\/07\/IMG_5909-300x200.jpg 300w, https:\/\/sundalsryr.se\/wp-content\/uploads\/2015\/07\/IMG_5909-1024x682.jpg 1024w\" sizes=\"(max-width: 300px) 100vw, 300px\" \/><\/a><figcaption id=\"caption-attachment-3062\" class=\"wp-caption-text\"> <\/figcaption><\/figure>\n<p>20150717<\/p>\n<p>Under morgonens promenad blev jag st\u00e5ende med \u00f6ppen mun (en f\u00f6rbipasserande bl\u00e5mes kunde l\u00e4tt ha misstagit det f\u00f6r ett alternativt boende), helt \u00f6verrumplad, f\u00f6rv\u00e5nad, h\u00e4pen och helt betagen av det sk\u00e5despel jag bevittnade. Denna morgon hade jag med mig min kamera. Jag trotsade de negativa tankar jag har om mig sj\u00e4lv som fotograf som jag utvecklat med tanke p\u00e5 alla de g\u00e5nger jag t\u00e4nkt ta kort p\u00e5 n\u00e5got dr\u00e5pligt eller ett st\u00e5tligt djur bara f\u00f6r att se mig sj\u00e4lv misslyckas totalt genom att motivet blivit s\u00e5 suddigt att betraktaren trott sig blivit drabbad av akut glaukom. Jag t\u00e4nkte att en vacker dag kanske jag lyckas ta ett bildbevis p\u00e5 de historier jag ber\u00e4ttar och idag \u00e4r det faktiskt vackert. S\u00e5ledes gick vi d\u00e4r Kollie, jag och till en b\u00f6rjan ocks\u00e5 Fiffie. Jag nynnade p\u00e5 &#8221;Jag g\u00e5r i solen och p\u00e5 en visa trallar&#8230;&#8221; och lekte proffsfotograf pl\u00e5tandes vyer, r\u00e5djursmamma med tv\u00e5 kid (p\u00e5 avst\u00e5nd), blommor, Kollie och en fj\u00e4ril samt naturligtvis fick ocks\u00e5 Fiffie vara med p\u00e5 n\u00e5gra pl\u00e5tar. Efter ett tag vek jag av in fr\u00e5n grusv\u00e4gen till en stig genom skogen eftersom jag var lite sugen p\u00e5 bl\u00e5b\u00e4r. D\u00e4r gick jag med kameran i handen och pl\u00e5tade lite ditt och datt d\u00e5 jag pl\u00f6tsligt f\u00e5r syn p\u00e5 n\u00e5got som, till synes, kommer g\u00e5ende emot oss. Jag halar instinktivt in flexikopplet lite och hinner t\u00e4nka att det \u00e4r nog grannen med Shar Pei&#8217;n n\u00e4r jag pl\u00f6tsligt S\u00c5G vad det var som gick d\u00e4r framme knappt tio meter ifr\u00e5n oss. Jag blev st\u00e5ende s\u00e5som jag beskrev ovan, d.v.s. med \u00f6ppen mun och kameran i hand. Jag hade chansen men jag var s\u00e5 f\u00f6rstummad att jag inte ens kom att t\u00e4nka p\u00e5 att jag kunde f\u00f6rs\u00f6kt ta ett foto. Blixtsnabb \u00e4r verkligen INTE mitt mellannamn. D\u00e4r, framf\u00f6r oss, promenerar familjen Grus grus. Stora, st\u00e5tliga spankulerar de i skogsbrynet och jag tyckte mig h\u00f6ra dem nynna p\u00e5 &#8221;Vi g\u00e5r i solen och p\u00e5 en visa trallar&#8230;&#8221;. Jag tycks ha prickat in tiden f\u00f6r tranornas morgonpromenad. Denna g\u00e5ng blev jag inte r\u00e4dd utan k\u00e4nde mig mer fascinerad och sprittande glad f\u00f6r ynnesten att f\u00e5 besk\u00e5da dem s\u00e5 n\u00e4ra och de verkade inte heller bli skr\u00e4mda av oss vilket k\u00e4nns underbart. Och vet ni vad? De var TRE! Imorgon ska kameran med igen. Kanske att jag lyckas, kanske.<\/p>\n<figure id=\"attachment_3066\" aria-describedby=\"caption-attachment-3066\" style=\"width: 717px\" class=\"wp-caption aligncenter\"><a href=\"http:\/\/sundalsryr.se\/wp-content\/uploads\/2015\/07\/IMG_59251.jpg\"><img loading=\"lazy\" decoding=\"async\" class=\"size-large wp-image-3066 \" title=\"IMG_5925\" src=\"http:\/\/sundalsryr.se\/wp-content\/uploads\/2015\/07\/IMG_59251-1024x682.jpg\" alt=\"\" width=\"717\" height=\"477\" srcset=\"https:\/\/sundalsryr.se\/wp-content\/uploads\/2015\/07\/IMG_59251-1024x682.jpg 1024w, https:\/\/sundalsryr.se\/wp-content\/uploads\/2015\/07\/IMG_59251-300x200.jpg 300w\" sizes=\"(max-width: 717px) 100vw, 717px\" \/><\/a><figcaption id=\"caption-attachment-3066\" class=\"wp-caption-text\"> <\/figcaption><\/figure>\n<p>F\u00f6r dig som vill veta mer bifogas l\u00e4nk http:\/\/fageln.se\/art\/trana.aspx.<\/p>\n<p>Ps. De \u00e4ter sniglar!!! De kan g\u00e4rna f\u00e5 stanna till p\u00e5 min gr\u00e4smatta och ta sig ett skrovm\u00e5l. Jag kan ta lite transkit om jag blir av med lite sniglar.<\/p>\n<figure id=\"attachment_3063\" aria-describedby=\"caption-attachment-3063\" style=\"width: 1024px\" class=\"wp-caption aligncenter\"><a href=\"http:\/\/sundalsryr.se\/wp-content\/uploads\/2015\/07\/IMG_5942.jpg\"><img loading=\"lazy\" decoding=\"async\" class=\"size-large wp-image-3063\" title=\"IMG_5942\" src=\"http:\/\/sundalsryr.se\/wp-content\/uploads\/2015\/07\/IMG_5942-1024x682.jpg\" alt=\"\" width=\"1024\" height=\"682\" srcset=\"https:\/\/sundalsryr.se\/wp-content\/uploads\/2015\/07\/IMG_5942-1024x682.jpg 1024w, https:\/\/sundalsryr.se\/wp-content\/uploads\/2015\/07\/IMG_5942-300x200.jpg 300w\" sizes=\"(max-width: 1024px) 100vw, 1024px\" \/><\/a><figcaption id=\"caption-attachment-3063\" class=\"wp-caption-text\"> <\/figcaption><\/figure>\n<p>20150728<\/p>\n<p>Ett antal dagar har nu f\u00f6rflutit sedan jag, med kameran i hand, m\u00f6tte tranorna i skogen utan att komma mig f\u00f6r att ta en bild. Harmset kan jag konstatera att jag fortfarande inte lyckats f\u00f6reviga dem. V\u00e4dret har inte varit kamerav\u00e4nligt, om jag s\u00e5 s\u00e4ger. Och de g\u00e5nger v\u00e4dret varit kamerav\u00e4nligt har jag t\u00e4nkt att \u201d-Men nu \u00e4r det ju fel tid p\u00e5 dygnet f\u00f6r att se dem.\u201d . Det visade sig att jag inte besuttit n\u00e5gra vidare kunskaper om arten Grus grus. Vid \u00e5tminstone tv\u00e5 tillf\u00e4llen skulle jag nog kunnat f\u00e5 magnifika bilder bara jag pliktskyldigt hade plockat med kameran och faktiskt ocks\u00e5 anv\u00e4nt den. Senast ig\u00e5r kv\u00e4ll tr\u00e4ffades vi, lilltranan och jag men ig\u00e5r kv\u00e4ll var en av de g\u00e5nger jag t\u00e4nkte \u2013N\u00e4e, nu \u00e4r de inte ute och r\u00e4nner men det borde jag ju ha anat. Jag menar jag har ju barn sj\u00e4lv, \u00e4ven om hon nu \u00e4r vuxen. N\u00e5v\u00e4l, med risk f\u00f6r att upprepa mig s\u00e4ger jag \u2013En vacker dag&#8230;<\/p>\n<figure id=\"attachment_3064\" aria-describedby=\"caption-attachment-3064\" style=\"width: 614px\" class=\"wp-caption alignright\"><a href=\"http:\/\/sundalsryr.se\/wp-content\/uploads\/2015\/07\/IMG_5897.jpg\"><img loading=\"lazy\" decoding=\"async\" class=\"size-large wp-image-3064 \" title=\"IMG_5897\" src=\"http:\/\/sundalsryr.se\/wp-content\/uploads\/2015\/07\/IMG_5897-1024x682.jpg\" alt=\"\" width=\"614\" height=\"409\" srcset=\"https:\/\/sundalsryr.se\/wp-content\/uploads\/2015\/07\/IMG_5897-1024x682.jpg 1024w, https:\/\/sundalsryr.se\/wp-content\/uploads\/2015\/07\/IMG_5897-300x200.jpg 300w\" sizes=\"(max-width: 614px) 100vw, 614px\" \/><\/a><figcaption id=\"caption-attachment-3064\" class=\"wp-caption-text\"> <\/figcaption><\/figure>\n<p>Harmset kan jag konstatera att vi har flera snigel\u00e4tare h\u00e4r i trakten men de g\u00f6r uppenbarligen inte sitt jobb! B\u00e5de gr\u00e4vlingar och tranor samt ocks\u00e5 kopparormen \u00e4ter sniglar. Dock f\u00e5r jag s\u00e4ga att den kopparormen som bodde i mitt v\u00e4xthus verkligen gjorde sitt jobb. P\u00e5 sj\u00e4lvaste nationaldagen best\u00e4mde jag mig f\u00f6r att ta mod till mig. Jag tog ut en koppar\u00f6dla ur v\u00e4xthuset med bara h\u00e4nderna, dock med grova handskar p\u00e5. Det var med klappande hj\u00e4rta och svettp\u00e4rlor i pannan, jag gjorde det. Jag \u00e4r n\u00e4mligen r\u00e4dd f\u00f6r ormar. Den st\u00f6rsta anledningen till att jag plockade ut den var att jag trodde att den skulle sv\u00e4lta ihj\u00e4l d\u00e4rinne men sen l\u00e4ste jag p\u00e5 och de \u00e4ter ju sniglar s\u00e5 det var ju dumt. Hursomhelst, jag sl\u00e4ppte den precis utanf\u00f6r s\u00e5 om den vill in igen \u00e5terses vi s\u00e4kert d\u00e4rinne igen t\u00e4nkte jag sedan. Och visst blev det s\u00e5 eller om det var kompisen som jag efter n\u00e5gon vecka, tr\u00e4ffade p\u00e5 d\u00e5 jag skulle vattna d\u00e4r inne. Jag blev b\u00e5de glad och bekymrad. Glad f\u00f6r jag s\u00e5g tydligt skillnad p\u00e5 antal sniglar i v\u00e4xthuset f\u00f6re och efter mitt (hj\u00e4lte)d\u00e5d. Till mitt eget f\u00f6rtret konstaterar jag dessutom att jag utf\u00f6rde detta d\u00e5d n\u00e4r jag hade beh\u00f6vt ha ormen d\u00e4rinne som allra b\u00e4st, n\u00e4mligen d\u00e5 jordgubbarna mognar. Jag kan fastsl\u00e5 att vi slogs om jordgubbarna, sniglarna och jag. Dock f\u00e5r jag v\u00e4l erk\u00e4nna att jag \u00e4r mer mordisk och h\u00e4mndlysten eftersom jag likviderar dem p\u00e5 l\u00f6pande band. Bekymrad blev jag f\u00f6r att jag, \u00e4ven om det \u00e4r en irrationell r\u00e4dsla, \u00e4nd\u00e5 \u00e4r skraj. Skraj f\u00f6r att den ska \u00f6verraska mig d\u00e5 jag st\u00e5r d\u00e4r och plockar av mina gr\u00f6dor. Jag intalar mig att mer ekologiskt kan det inte bli. Ormen\/\u00f6dlan \u00e4ter upp sniglarna och jag f\u00e5r ha mina v\u00e4xter i fred. B\u00e5da parter n\u00f6jda. Kanske att jag en dag rent av kan ta i dem utan handskar. Vem vet? Faktum \u00e4r att jag skulle \u00f6nska att det var fler kopparormar p\u00e5 gr\u00e4smattan. Var \u00e4r de alla undrar jag d\u00e5 jag bistert betraktar gr\u00e4smattan som \u00e4r t\u00e4ckt av hundratals sniglar. Denna sommar, konstaterar jag, \u00e4r sniglarnas och f\u00e4stingarnas sommar. Kanh\u00e4nda att ormarna verkligen g\u00f6r sitt jobb men inte hinner med i snigelinvasionen. De kanske ligger i sina g\u00f6mmor bukstinna och t\u00e4nker \u2013Jag borde verkligen inte ha \u00e4tit s\u00e5 mycket&#8230;?<\/p>\n<p><strong>\/Marjukka Sagesj\u00f6<\/strong><\/p>\n","protected":false},"excerpt":{"rendered":"<p>20150720 Denna \u00e5terblick f\u00e5r fungera som inledning till nedan ber\u00e4ttelse. Under morgonpromenaden tr\u00e4ffade vi p\u00e5 (jag och Kollie) traktens tranpar. Vi m\u00f6ttes just d\u00e4r skog m\u00f6ter \u00e5ker och jag kan erk\u00e4nna att de s\u00e5g mig f\u00f6rst. Det k\u00e4ndes som om hela jag krackelerade mitt i steget. Jag blev &#8221;tagen p\u00e5 s\u00e4ngen&#8221; s\u00e5 att s\u00e4ga eftersom&#8230;<\/p>\n","protected":false},"author":3,"featured_media":0,"comment_status":"open","ping_status":"open","sticky":false,"template":"","format":"standard","meta":{"_monsterinsights_skip_tracking":false,"_monsterinsights_sitenote_active":false,"_monsterinsights_sitenote_note":"","_monsterinsights_sitenote_category":0,"footnotes":""},"categories":[1],"tags":[],"class_list":["post-3059","post","type-post","status-publish","format-standard","hentry","category-aktuellt"],"_links":{"self":[{"href":"https:\/\/sundalsryr.se\/index.php?rest_route=\/wp\/v2\/posts\/3059"}],"collection":[{"href":"https:\/\/sundalsryr.se\/index.php?rest_route=\/wp\/v2\/posts"}],"about":[{"href":"https:\/\/sundalsryr.se\/index.php?rest_route=\/wp\/v2\/types\/post"}],"author":[{"embeddable":true,"href":"https:\/\/sundalsryr.se\/index.php?rest_route=\/wp\/v2\/users\/3"}],"replies":[{"embeddable":true,"href":"https:\/\/sundalsryr.se\/index.php?rest_route=%2Fwp%2Fv2%2Fcomments&post=3059"}],"version-history":[{"count":2,"href":"https:\/\/sundalsryr.se\/index.php?rest_route=\/wp\/v2\/posts\/3059\/revisions"}],"predecessor-version":[{"id":3068,"href":"https:\/\/sundalsryr.se\/index.php?rest_route=\/wp\/v2\/posts\/3059\/revisions\/3068"}],"wp:attachment":[{"href":"https:\/\/sundalsryr.se\/index.php?rest_route=%2Fwp%2Fv2%2Fmedia&parent=3059"}],"wp:term":[{"taxonomy":"category","embeddable":true,"href":"https:\/\/sundalsryr.se\/index.php?rest_route=%2Fwp%2Fv2%2Fcategories&post=3059"},{"taxonomy":"post_tag","embeddable":true,"href":"https:\/\/sundalsryr.se\/index.php?rest_route=%2Fwp%2Fv2%2Ftags&post=3059"}],"curies":[{"name":"wp","href":"https:\/\/api.w.org\/{rel}","templated":true}]}}