{"id":3338,"date":"2016-02-12T17:47:25","date_gmt":"2016-02-12T17:47:25","guid":{"rendered":"http:\/\/sundalsryr.se\/?p=3338"},"modified":"2016-02-12T17:47:25","modified_gmt":"2016-02-12T17:47:25","slug":"forst-sundals-ryr-sedan-svt","status":"publish","type":"post","link":"https:\/\/sundalsryr.se\/?p=3338","title":{"rendered":"F\u00f6rst Sundals ryr sedan SVT"},"content":{"rendered":"<p>Onsdagens filmkv\u00e4ll blev en lyckad tillst\u00e4llning. Det h\u00f6rdes m\u00e5nga skratt i publiken n\u00e4r \u201dgreven\u201d, br\u00f6derna Gustavsson, Maj, Ture och de andra J\u00e4rboborna delade med sig av sin vardag. Filmens skapare Anneli Olsson har lyckats f\u00e5nga m\u00e4nniskor, bygden och st\u00e4mningen, f\u00e5nga det som \u00e4r speciellt, det som f\u00f6renar och det som i all sin enkelhet g\u00f6r en liten socken p\u00e5 landet s\u00e5 underbar. Sammanh\u00e5llningen i kampen om bygdeskolan, det stora intresset f\u00f6r amerikanska bilar, \u00e4lgjakten och samlingen kring J\u00e4rbos K-m\u00e4rkta varuautomat, d\u00e4r man \u00e4nnu \u00e5r 2016 kan k\u00f6pa en chokladbit eller en tablettask.<\/p>\n<figure id=\"attachment_3337\" aria-describedby=\"caption-attachment-3337\" style=\"width: 491px\" class=\"wp-caption alignright\"><a href=\"http:\/\/sundalsryr.se\/wp-content\/uploads\/2016\/02\/IMG_3268.jpg\"><img loading=\"lazy\" decoding=\"async\" class=\"size-large wp-image-3337  \" title=\"IMG_3268\" src=\"http:\/\/sundalsryr.se\/wp-content\/uploads\/2016\/02\/IMG_3268-1023x706.jpg\" alt=\"\" width=\"491\" height=\"339\" srcset=\"https:\/\/sundalsryr.se\/wp-content\/uploads\/2016\/02\/IMG_3268-1023x706.jpg 1023w, https:\/\/sundalsryr.se\/wp-content\/uploads\/2016\/02\/IMG_3268-300x207.jpg 300w\" sizes=\"(max-width: 491px) 100vw, 491px\" \/><\/a><figcaption id=\"caption-attachment-3337\" class=\"wp-caption-text\"> <\/figcaption><\/figure>\n<p>Efter att ha visats p\u00e5 7 festivaler och setts av drygt 5000 m\u00e4nniskor \u00e4r det inte det minsta f\u00f6rv\u00e5nande att SVT nu bekr\u00e4ftat att de vill visa filmen. Vid 6 olika tillf\u00e4llen under 3 \u00e5rs tid kommer man kunna se den p\u00e5 TV. Men visst \u00e4r det mycket trevligare att ha f\u00e5tt se den i byalagets regi i Sundals ryr!<\/p>\n","protected":false},"excerpt":{"rendered":"<p>Onsdagens filmkv\u00e4ll blev en lyckad tillst\u00e4llning. Det h\u00f6rdes m\u00e5nga skratt i publiken n\u00e4r \u201dgreven\u201d, br\u00f6derna Gustavsson, Maj, Ture och de andra J\u00e4rboborna delade med sig av sin vardag. Filmens skapare Anneli Olsson har lyckats f\u00e5nga m\u00e4nniskor, bygden och st\u00e4mningen, f\u00e5nga det som \u00e4r speciellt, det som f\u00f6renar och det som i all sin enkelhet g\u00f6r&#8230;<\/p>\n","protected":false},"author":3,"featured_media":0,"comment_status":"open","ping_status":"open","sticky":false,"template":"","format":"standard","meta":{"_monsterinsights_skip_tracking":false,"_monsterinsights_sitenote_active":false,"_monsterinsights_sitenote_note":"","_monsterinsights_sitenote_category":0,"footnotes":""},"categories":[1],"tags":[],"class_list":["post-3338","post","type-post","status-publish","format-standard","hentry","category-aktuellt"],"_links":{"self":[{"href":"https:\/\/sundalsryr.se\/index.php?rest_route=\/wp\/v2\/posts\/3338"}],"collection":[{"href":"https:\/\/sundalsryr.se\/index.php?rest_route=\/wp\/v2\/posts"}],"about":[{"href":"https:\/\/sundalsryr.se\/index.php?rest_route=\/wp\/v2\/types\/post"}],"author":[{"embeddable":true,"href":"https:\/\/sundalsryr.se\/index.php?rest_route=\/wp\/v2\/users\/3"}],"replies":[{"embeddable":true,"href":"https:\/\/sundalsryr.se\/index.php?rest_route=%2Fwp%2Fv2%2Fcomments&post=3338"}],"version-history":[{"count":1,"href":"https:\/\/sundalsryr.se\/index.php?rest_route=\/wp\/v2\/posts\/3338\/revisions"}],"predecessor-version":[{"id":3339,"href":"https:\/\/sundalsryr.se\/index.php?rest_route=\/wp\/v2\/posts\/3338\/revisions\/3339"}],"wp:attachment":[{"href":"https:\/\/sundalsryr.se\/index.php?rest_route=%2Fwp%2Fv2%2Fmedia&parent=3338"}],"wp:term":[{"taxonomy":"category","embeddable":true,"href":"https:\/\/sundalsryr.se\/index.php?rest_route=%2Fwp%2Fv2%2Fcategories&post=3338"},{"taxonomy":"post_tag","embeddable":true,"href":"https:\/\/sundalsryr.se\/index.php?rest_route=%2Fwp%2Fv2%2Ftags&post=3338"}],"curies":[{"name":"wp","href":"https:\/\/api.w.org\/{rel}","templated":true}]}}