{"id":3340,"date":"2016-02-13T19:04:35","date_gmt":"2016-02-13T19:04:35","guid":{"rendered":"http:\/\/sundalsryr.se\/?p=3340"},"modified":"2016-02-13T19:05:15","modified_gmt":"2016-02-13T19:05:15","slug":"februari","status":"publish","type":"post","link":"https:\/\/sundalsryr.se\/?p=3340","title":{"rendered":"Februari"},"content":{"rendered":"<figure id=\"attachment_3341\" aria-describedby=\"caption-attachment-3341\" style=\"width: 268px\" class=\"wp-caption alignleft\"><a href=\"http:\/\/sundalsryr.se\/wp-content\/uploads\/2016\/02\/tulpaner1_76660694.jpg\"><img loading=\"lazy\" decoding=\"async\" class=\"size-full wp-image-3341 \" title=\"tulpaner1_76660694\" src=\"http:\/\/sundalsryr.se\/wp-content\/uploads\/2016\/02\/tulpaner1_76660694.jpg\" alt=\"\" width=\"268\" height=\"280\" srcset=\"https:\/\/sundalsryr.se\/wp-content\/uploads\/2016\/02\/tulpaner1_76660694.jpg 383w, https:\/\/sundalsryr.se\/wp-content\/uploads\/2016\/02\/tulpaner1_76660694-287x300.jpg 287w\" sizes=\"(max-width: 268px) 100vw, 268px\" \/><\/a><figcaption id=\"caption-attachment-3341\" class=\"wp-caption-text\"> <\/figcaption><\/figure>\n<p>Februari.\u00a0 Fast den i \u00e5r \u00e4r l\u00e4ngre \u00e4n den brukar vara \u00e4r den \u00e4nd\u00e5 liten och kort. Men om v\u00e4dret och vinterns h\u00e4rskare Kung Bore vill, s\u00e5 \u00e4r det en bra tid f\u00f6r skidor, skridskor och pulka. I \u00e5r tycks det dock bli d\u00e5ligt med allt som har med sn\u00f6 och is att g\u00f6ra. Fast v\u00e4glaget kan vara lurigt. Att det inte \u00e4r vinterv\u00e4der \u00e4r ingen f\u00f6rs\u00e4kran mot att det inte \u00e4r halt.<\/p>\n<figure id=\"attachment_3342\" aria-describedby=\"caption-attachment-3342\" style=\"width: 294px\" class=\"wp-caption alignright\"><a href=\"http:\/\/sundalsryr.se\/wp-content\/uploads\/2016\/02\/skid.jpg\"><img loading=\"lazy\" decoding=\"async\" class=\"size-full wp-image-3342  \" title=\"skid\" src=\"http:\/\/sundalsryr.se\/wp-content\/uploads\/2016\/02\/skid.jpg\" alt=\"\" width=\"294\" height=\"165\" srcset=\"https:\/\/sundalsryr.se\/wp-content\/uploads\/2016\/02\/skid.jpg 612w, https:\/\/sundalsryr.se\/wp-content\/uploads\/2016\/02\/skid-300x168.jpg 300w\" sizes=\"(max-width: 294px) 100vw, 294px\" \/><\/a><figcaption id=\"caption-attachment-3342\" class=\"wp-caption-text\"> <\/figcaption><\/figure>\n<p>Bondepraktikan avsl\u00f6jar att om februari \u00e4r mild kan man v\u00e4nta m\u00e5nga frostn\u00e4tter n\u00e4r v\u00e5ren kommer. D\u00e4r st\u00e5r ocks\u00e5 att man denna tid ska h\u00e5lla sig varm f\u00f6r att beh\u00e5lla sin sundhet och att man ska akta sig f\u00f6r frosseri och inte \u00e4ta sur mat med vin och \u00e4ttika. Men n\u00e5gonstans m\u00e5ste denna l\u00e4rdom g\u00e5tt f\u00f6rlorad, eftersom m\u00e5naden nu anses som den snorigaste och mest f\u00f6rkylda av dem alla.<\/p>\n<figure id=\"attachment_3343\" aria-describedby=\"caption-attachment-3343\" style=\"width: 277px\" class=\"wp-caption alignleft\"><a href=\"http:\/\/sundalsryr.se\/wp-content\/uploads\/2016\/02\/semla.jpg\"><img loading=\"lazy\" decoding=\"async\" class=\"size-full wp-image-3343 \" title=\"semla\" src=\"http:\/\/sundalsryr.se\/wp-content\/uploads\/2016\/02\/semla.jpg\" alt=\"\" width=\"277\" height=\"187\" srcset=\"https:\/\/sundalsryr.se\/wp-content\/uploads\/2016\/02\/semla.jpg 768w, https:\/\/sundalsryr.se\/wp-content\/uploads\/2016\/02\/semla-300x202.jpg 300w\" sizes=\"(max-width: 277px) 100vw, 277px\" \/><\/a><figcaption id=\"caption-attachment-3343\" class=\"wp-caption-text\"> <\/figcaption><\/figure>\n<p>Fettisdag med semlor h\u00f6r ocks\u00e5 m\u00e5naden till, liksom tulpaner och sportlov. Lilla februari har inte\u00a0 n\u00e5gon stor helgdag att st\u00e5ta med. Kanske d\u00e4rf\u00f6r som \u201dhittep\u00e5\u201d-dagar som alla hj\u00e4rtans dag f\u00e5r fler och fler anh\u00e4ngare. Och varf\u00f6r inte?\u00a0 Att visa n\u00e5gon lite extra uppm\u00e4rksamhet och v\u00e4nlighet skadar inte, men man kan ju annars vara v\u00e4nlig vilken dag som helst, 14 februari har inte ensamr\u00e4tt p\u00e5 choklad, blommor och omtanke, men det ger en p\u00e5minnelse om att vi ska bry oss om varandra.<\/p>\n<figure id=\"attachment_3344\" aria-describedby=\"caption-attachment-3344\" style=\"width: 210px\" class=\"wp-caption alignright\"><a href=\"http:\/\/sundalsryr.se\/wp-content\/uploads\/2016\/02\/alla-hj\u00e4rtans-dag.png\"><img loading=\"lazy\" decoding=\"async\" class=\"size-full wp-image-3344  \" title=\"alla hj\u00e4rtans dag\" src=\"http:\/\/sundalsryr.se\/wp-content\/uploads\/2016\/02\/alla-hj\u00e4rtans-dag.png\" alt=\"\" width=\"210\" height=\"210\" srcset=\"https:\/\/sundalsryr.se\/wp-content\/uploads\/2016\/02\/alla-hj\u00e4rtans-dag.png 500w, https:\/\/sundalsryr.se\/wp-content\/uploads\/2016\/02\/alla-hj\u00e4rtans-dag-150x150.png 150w, https:\/\/sundalsryr.se\/wp-content\/uploads\/2016\/02\/alla-hj\u00e4rtans-dag-300x300.png 300w\" sizes=\"(max-width: 210px) 100vw, 210px\" \/><\/a><figcaption id=\"caption-attachment-3344\" class=\"wp-caption-text\"> <\/figcaption><\/figure>\n","protected":false},"excerpt":{"rendered":"<p>Februari.\u00a0 Fast den i \u00e5r \u00e4r l\u00e4ngre \u00e4n den brukar vara \u00e4r den \u00e4nd\u00e5 liten och kort. Men om v\u00e4dret och vinterns h\u00e4rskare Kung Bore vill, s\u00e5 \u00e4r det en bra tid f\u00f6r skidor, skridskor och pulka. I \u00e5r tycks det dock bli d\u00e5ligt med allt som har med sn\u00f6 och is att g\u00f6ra. Fast&#8230;<\/p>\n","protected":false},"author":3,"featured_media":0,"comment_status":"open","ping_status":"open","sticky":false,"template":"","format":"standard","meta":{"_monsterinsights_skip_tracking":false,"_monsterinsights_sitenote_active":false,"_monsterinsights_sitenote_note":"","_monsterinsights_sitenote_category":0,"footnotes":""},"categories":[1],"tags":[],"class_list":["post-3340","post","type-post","status-publish","format-standard","hentry","category-aktuellt"],"_links":{"self":[{"href":"https:\/\/sundalsryr.se\/index.php?rest_route=\/wp\/v2\/posts\/3340"}],"collection":[{"href":"https:\/\/sundalsryr.se\/index.php?rest_route=\/wp\/v2\/posts"}],"about":[{"href":"https:\/\/sundalsryr.se\/index.php?rest_route=\/wp\/v2\/types\/post"}],"author":[{"embeddable":true,"href":"https:\/\/sundalsryr.se\/index.php?rest_route=\/wp\/v2\/users\/3"}],"replies":[{"embeddable":true,"href":"https:\/\/sundalsryr.se\/index.php?rest_route=%2Fwp%2Fv2%2Fcomments&post=3340"}],"version-history":[{"count":3,"href":"https:\/\/sundalsryr.se\/index.php?rest_route=\/wp\/v2\/posts\/3340\/revisions"}],"predecessor-version":[{"id":3347,"href":"https:\/\/sundalsryr.se\/index.php?rest_route=\/wp\/v2\/posts\/3340\/revisions\/3347"}],"wp:attachment":[{"href":"https:\/\/sundalsryr.se\/index.php?rest_route=%2Fwp%2Fv2%2Fmedia&parent=3340"}],"wp:term":[{"taxonomy":"category","embeddable":true,"href":"https:\/\/sundalsryr.se\/index.php?rest_route=%2Fwp%2Fv2%2Fcategories&post=3340"},{"taxonomy":"post_tag","embeddable":true,"href":"https:\/\/sundalsryr.se\/index.php?rest_route=%2Fwp%2Fv2%2Ftags&post=3340"}],"curies":[{"name":"wp","href":"https:\/\/api.w.org\/{rel}","templated":true}]}}