{"id":3354,"date":"2016-02-16T19:24:50","date_gmt":"2016-02-16T19:24:50","guid":{"rendered":"http:\/\/sundalsryr.se\/?p=3354"},"modified":"2016-02-16T19:24:50","modified_gmt":"2016-02-16T19:24:50","slug":"byabladet-varen-2016","status":"publish","type":"post","link":"https:\/\/sundalsryr.se\/?p=3354","title":{"rendered":"Byabladet v\u00e5ren 2016"},"content":{"rendered":"<p>Under v 5 delades byabladen ut till alla brevl\u00e5dor i Sundals ryr. Om vi missat n\u00e5gon f\u00e5r ni g\u00e4rna h\u00f6ra av er s\u00e5 r\u00e4ttar vi till v\u00e5r miss s\u00e5 fort vi kan, susanne.borssen@gmail.com eller 0768533576. Under fliken &#8221;p\u00e5 g\u00e5ng i bygden&#8221; h\u00e4r p\u00e5 sidan, finns byabladet i word-format. F\u00f6r er som bor utanf\u00f6r sundals ryr eller \u00a0inte har &#8221;word&#8221; p\u00e5 datorn kommer programmet h\u00e4r:<\/p>\n<p><strong>Februari<\/strong><\/p>\n<p><strong> <\/strong><\/p>\n<table border=\"1\" cellspacing=\"0\" cellpadding=\"0\">\n<tbody>\n<tr>\n<td width=\"151\" valign=\"top\">Onsdag 10 februari<\/td>\n<td width=\"358\" valign=\"top\"><strong>Filmvisning<\/strong> av   dokument\u00e4r filmen, Welkome to J\u00e4rbo state, kl. 19 i f\u00f6rsamlingshemmet. Filmen   \u00e4r 74 minuter. Pris 100:- kaffe och sm\u00f6rg\u00e5s ing\u00e5r.<\/td>\n<\/tr>\n<tr>\n<td width=\"151\" valign=\"top\">Torsdag 25 februari<\/td>\n<td width=\"358\" valign=\"top\"><strong>Sportlovskul:<\/strong> Gemensam pulka\u00e5kning. Vid   vinterv\u00e4der s\u00e5 tr\u00e4ffas vi i Granans fina pulkabacke och \u00e5ker tillsammans kl.   14.00. Medtag g\u00e4rna egen fika. Fj\u00e4llstugan Granan har \u00f6ppen f\u00f6r den som vill   v\u00e4rma sig och k\u00f6pa fika.<\/td>\n<\/tr>\n<\/tbody>\n<\/table>\n<p><strong> <\/strong><\/p>\n<p><strong><br \/>\n<\/strong><\/p>\n<p><strong>Mars<\/strong><\/p>\n<p><strong> <\/strong><\/p>\n<table border=\"1\" cellspacing=\"0\" cellpadding=\"0\">\n<tbody>\n<tr>\n<td width=\"151\" valign=\"top\">Onsdag 2 mars<\/td>\n<td width=\"358\" valign=\"top\"><strong>F\u00f6rel\u00e4sning<\/strong> \u201dKonsten att skaffa sig en fysisk livsstil och beh\u00e5lla den\u201d kl 19.00 i   f\u00f6rsamlingshemmet. Med l\u00f6parlegenden och \u00e4ventyraren Rune Larsson fr\u00e5n   Trollh\u00e4ttan. Missa inte detta fantastiska tillf\u00e4lle att lyssna p\u00e5 en   inspirerande f\u00f6rel\u00e4sning. Detta \u00e4r ett samarbete med SK Granan. Intr\u00e4de 50 kr   + fika 20 kr<strong> <\/strong><\/p>\n<p><strong> <\/strong><\/td>\n<\/tr>\n<tr>\n<td width=\"151\" valign=\"top\">Tisdag 15 mars<\/td>\n<td width=\"358\" valign=\"top\"><strong>\u00c5rsm\u00f6te<\/strong> kl. 19.00 i f\u00f6rsamlingshemmet.   Byalaget har 15 \u00e5rsjubileum och bjuder p\u00e5 sm\u00f6rg\u00e5st\u00e5rta. Per Ekvall fr\u00e5n   Dalslands s\u00f6dra biodlarf\u00f6rening h\u00e5ller ett f\u00f6redrag om biodling.<\/p>\n<p><strong> <\/strong><\/td>\n<\/tr>\n<tr>\n<td width=\"151\" valign=\"top\">Fredag 25 mars<\/td>\n<td width=\"358\" valign=\"top\"><strong>V\u00e5ffelcaf\u00e9<\/strong> p\u00e5 Fj\u00e4llstugan Granan. Mellan   kl. 15-18 \u00e4ter vi goda v\u00e5fflor tillsammans och umg\u00e5s.<\/td>\n<\/tr>\n<tr>\n<td width=\"151\" valign=\"top\">Torsdag   31 mars<\/td>\n<td width=\"358\" valign=\"top\"><strong>P\u00e5sklovskul:<\/strong> Byalaget bjuder p\u00e5 tipspromenad,   \u00e4ggjakt och korvgrillning vid Skidstugan p\u00e5 Granan kl.16<\/td>\n<\/tr>\n<\/tbody>\n<\/table>\n<p><strong> <\/strong><\/p>\n<p><strong>April<\/strong><\/p>\n<table border=\"1\" cellspacing=\"0\" cellpadding=\"0\" width=\"482\">\n<tbody>\n<tr>\n<td width=\"123\" valign=\"top\">L\u00f6rdag 9 april<\/td>\n<td width=\"359\" valign=\"top\"><strong>Loppisrunda<\/strong> i och omkring   Br\u00e5landa. Vill du ha n\u00e5gonstans att s\u00e4lja dina saker kan du hyra ett bord p\u00e5   Brobergs loge (tele: 35030) eller p\u00e5 Fj\u00e4llg\u00e5rden Granan (tele: 073-1569087) Karta \u00f6ver loppisarna finns p\u00e5 gallerian i   Br\u00e5landa.<\/td>\n<\/tr>\n<tr>\n<td width=\"123\" valign=\"top\">L\u00f6rdag 23 april<\/p>\n<p><strong> <\/strong><\/td>\n<td width=\"359\" valign=\"top\"><strong>Fixardag p\u00e5 skjutbanan<\/strong>. Kl. 10.00 samlas alla skyttar och andra   arbetssugna vid skjutbanan i V\u00e4stra blekan f\u00f6r att snickra, m\u00e5la och r\u00f6ja   buskar inf\u00f6r n\u00e4sta helgs t\u00e4vling. Fr\u00e5gor Nicklas Hansson tele: 35060<strong> <\/strong><\/td>\n<\/tr>\n<tr>\n<td width=\"123\" valign=\"top\">S\u00f6ndag 24 april<br \/>\n<strong> <\/strong><strong> <\/strong><\/td>\n<td width=\"359\" valign=\"top\"><strong>Vandring.<\/strong> Det \u00e4r dags att g\u00e5 ut i naturen igen. Roger Johansson tar med oss p\u00e5 en   vandring i Paradiset, bla ska vi bes\u00f6ka Kringlemyr. Samling 13,40 vid skolan   i \u00c5rbol eller 14,00 vid bommen i Paradiset. Tag med fika.<\/td>\n<\/tr>\n<\/tbody>\n<\/table>\n<p><strong><span style=\"text-decoration: underline;\"><br \/>\n<\/span><\/strong><\/p>\n<p><strong>Maj<\/strong><\/p>\n<table border=\"1\" cellspacing=\"0\" cellpadding=\"0\">\n<tbody>\n<tr>\n<td width=\"141\" valign=\"top\">S\u00f6ndag 1 maj<\/td>\n<td width=\"463\" valign=\"top\"><strong>Lerduveskytte.<\/strong> B\u00e5de publik och   t\u00e4vlande h\u00e4lsas v\u00e4lkomna till den \u00e5rliga kampen. F\u00f6rsta skottet sm\u00e4ller kl   11.00, vid fr\u00e5gor ring Nicklas Hansson tele: 35060<\/td>\n<\/tr>\n<tr>\n<td width=\"141\" valign=\"top\">S\u00f6ndag 1 maj<\/td>\n<td width=\"463\" valign=\"top\"><strong>Kosl\u00e4pp,<\/strong> kl. 14.00 p\u00e5 Evenstorps g\u00e5rd.<\/td>\n<\/tr>\n<tr>\n<td width=\"141\" valign=\"top\">S\u00f6ndag 1 maj<\/td>\n<td width=\"463\" valign=\"top\"><strong>Stora v\u00e5rdoppet. <\/strong>N\u00e5gra badentusiaster har sedan flera \u00e5r tagit   f\u00f6r vana att bada 1 maj. Kom och var med eller kom och titta. Bollungens   badplats kl 13.00<\/td>\n<\/tr>\n<\/tbody>\n<\/table>\n<p><strong>Juni<\/strong><\/p>\n<table border=\"1\" cellspacing=\"0\" cellpadding=\"0\" width=\"481\" align=\"left\">\n<tbody>\n<tr>\n<td width=\"113\" valign=\"top\">Torsdag 2 juni<\/td>\n<td width=\"368\" valign=\"top\"><strong>Badplatsst\u00e4dning<\/strong>, kl   18.00 tr\u00e4ffas vi vid Bollungens badplats och hj\u00e4lps \u00e5t att fixa i ordning   inf\u00f6r bads\u00e4songen. Byalaget bjuder p\u00e5 korv och br\u00f6d. Fr\u00e5gor Andreas Johansson   tele: 35036<\/td>\n<\/tr>\n<\/tbody>\n<\/table>\n<p><strong> <\/strong><\/p>\n<p><strong> <\/strong><\/p>\n","protected":false},"excerpt":{"rendered":"<p>Under v 5 delades byabladen ut till alla brevl\u00e5dor i Sundals ryr. Om vi missat n\u00e5gon f\u00e5r ni g\u00e4rna h\u00f6ra av er s\u00e5 r\u00e4ttar vi till v\u00e5r miss s\u00e5 fort vi kan, susanne.borssen@gmail.com eller 0768533576. Under fliken &#8221;p\u00e5 g\u00e5ng i bygden&#8221; h\u00e4r p\u00e5 sidan, finns byabladet i word-format. F\u00f6r er som bor utanf\u00f6r sundals ryr&#8230;<\/p>\n","protected":false},"author":3,"featured_media":0,"comment_status":"open","ping_status":"open","sticky":false,"template":"","format":"standard","meta":{"_monsterinsights_skip_tracking":false,"_monsterinsights_sitenote_active":false,"_monsterinsights_sitenote_note":"","_monsterinsights_sitenote_category":0,"footnotes":""},"categories":[1],"tags":[],"class_list":["post-3354","post","type-post","status-publish","format-standard","hentry","category-aktuellt"],"_links":{"self":[{"href":"https:\/\/sundalsryr.se\/index.php?rest_route=\/wp\/v2\/posts\/3354"}],"collection":[{"href":"https:\/\/sundalsryr.se\/index.php?rest_route=\/wp\/v2\/posts"}],"about":[{"href":"https:\/\/sundalsryr.se\/index.php?rest_route=\/wp\/v2\/types\/post"}],"author":[{"embeddable":true,"href":"https:\/\/sundalsryr.se\/index.php?rest_route=\/wp\/v2\/users\/3"}],"replies":[{"embeddable":true,"href":"https:\/\/sundalsryr.se\/index.php?rest_route=%2Fwp%2Fv2%2Fcomments&post=3354"}],"version-history":[{"count":2,"href":"https:\/\/sundalsryr.se\/index.php?rest_route=\/wp\/v2\/posts\/3354\/revisions"}],"predecessor-version":[{"id":3356,"href":"https:\/\/sundalsryr.se\/index.php?rest_route=\/wp\/v2\/posts\/3354\/revisions\/3356"}],"wp:attachment":[{"href":"https:\/\/sundalsryr.se\/index.php?rest_route=%2Fwp%2Fv2%2Fmedia&parent=3354"}],"wp:term":[{"taxonomy":"category","embeddable":true,"href":"https:\/\/sundalsryr.se\/index.php?rest_route=%2Fwp%2Fv2%2Fcategories&post=3354"},{"taxonomy":"post_tag","embeddable":true,"href":"https:\/\/sundalsryr.se\/index.php?rest_route=%2Fwp%2Fv2%2Ftags&post=3354"}],"curies":[{"name":"wp","href":"https:\/\/api.w.org\/{rel}","templated":true}]}}