{"id":375,"date":"2011-01-12T08:38:08","date_gmt":"2011-01-12T08:38:08","guid":{"rendered":"http:\/\/sundalsryr.se\/?p=375"},"modified":"2011-02-20T18:37:22","modified_gmt":"2011-02-20T18:37:22","slug":"aktivitetsledsmote","status":"publish","type":"post","link":"https:\/\/sundalsryr.se\/?p=375","title":{"rendered":"Aktivitetsledsm\u00f6te"},"content":{"rendered":"<h2><span style=\"font-family: Tahoma; color: #000000; font-size: x-small;\">Nu \u00e4r det dax f\u00f6r nystart f\u00f6r aktivitetsleden. Efter vinterupph\u00e5llet b\u00f6rjar vi planera f\u00f6r detta \u00e5rets aktiviteter. 2011 \u00e4r sista \u00e5ret p\u00e5 projektet s\u00e5 nu \u00e4r det viktigt att vi alla g\u00f6r v\u00e5rt b\u00e4sta f\u00f6r att f\u00e5 en s\u00e5 bra led som m\u00f6jligt.<\/span><span style=\"font-family: Tahoma; color: #000000; font-size: x-small;\">Fram till i slutet av november arbetade vi p\u00e5 leden, men sedan kom all sn\u00f6! P\u00e5 m\u00f6tet rapporterar vi vad som \u00e4r gjort och vad som beh\u00f6ver g\u00f6ras och vi f\u00f6rs\u00f6ker \u00e4ven g\u00f6ra en tidplan f\u00f6r detta arbete.<\/span><span style=\"font-family: Tahoma; color: #000000; font-size: x-small;\">Vi beh\u00f6ver \u00e4ven diskutera hur skyltningen ska se ut.<\/span><\/p>\n<p><span style=\"font-family: Tahoma; color: #000000; font-size: x-small;\">Vi tr\u00e4ffas hemma hos Laila Manvik, Sallebyn 412 kl 19.00. Har du problem med att hitta s\u00e5 ring till mig tel 350 81 eller mb 070 -686 70 17<\/span><\/p>\n<p><span style=\"font-family: Tahoma; color: #000000; font-size: x-small;\">Vi ses<\/span><\/p>\n<p><span style=\"font-family: Tahoma; color: #000000; font-size: x-small;\">H\u00e4lsningar Christin Sl\u00e4ttmyr<\/span><\/h2>\n","protected":false},"excerpt":{"rendered":"<p>Nu \u00e4r det dax f\u00f6r nystart f\u00f6r aktivitetsleden. Efter vinterupph\u00e5llet b\u00f6rjar vi planera f\u00f6r detta \u00e5rets aktiviteter. 2011 \u00e4r sista \u00e5ret p\u00e5 projektet s\u00e5 nu \u00e4r det viktigt att vi alla g\u00f6r v\u00e5rt b\u00e4sta f\u00f6r att f\u00e5 en s\u00e5 bra led som m\u00f6jligt.Fram till i slutet av november arbetade vi p\u00e5 leden, men sedan kom&#8230;<\/p>\n","protected":false},"author":2,"featured_media":0,"comment_status":"open","ping_status":"open","sticky":false,"template":"","format":"standard","meta":{"_monsterinsights_skip_tracking":false,"_monsterinsights_sitenote_active":false,"_monsterinsights_sitenote_note":"","_monsterinsights_sitenote_category":0,"footnotes":""},"categories":[1,7],"tags":[],"class_list":["post-375","post","type-post","status-publish","format-standard","hentry","category-aktuellt","category-leaderprojektet"],"_links":{"self":[{"href":"https:\/\/sundalsryr.se\/index.php?rest_route=\/wp\/v2\/posts\/375"}],"collection":[{"href":"https:\/\/sundalsryr.se\/index.php?rest_route=\/wp\/v2\/posts"}],"about":[{"href":"https:\/\/sundalsryr.se\/index.php?rest_route=\/wp\/v2\/types\/post"}],"author":[{"embeddable":true,"href":"https:\/\/sundalsryr.se\/index.php?rest_route=\/wp\/v2\/users\/2"}],"replies":[{"embeddable":true,"href":"https:\/\/sundalsryr.se\/index.php?rest_route=%2Fwp%2Fv2%2Fcomments&post=375"}],"version-history":[{"count":5,"href":"https:\/\/sundalsryr.se\/index.php?rest_route=\/wp\/v2\/posts\/375\/revisions"}],"predecessor-version":[{"id":379,"href":"https:\/\/sundalsryr.se\/index.php?rest_route=\/wp\/v2\/posts\/375\/revisions\/379"}],"wp:attachment":[{"href":"https:\/\/sundalsryr.se\/index.php?rest_route=%2Fwp%2Fv2%2Fmedia&parent=375"}],"wp:term":[{"taxonomy":"category","embeddable":true,"href":"https:\/\/sundalsryr.se\/index.php?rest_route=%2Fwp%2Fv2%2Fcategories&post=375"},{"taxonomy":"post_tag","embeddable":true,"href":"https:\/\/sundalsryr.se\/index.php?rest_route=%2Fwp%2Fv2%2Ftags&post=375"}],"curies":[{"name":"wp","href":"https:\/\/api.w.org\/{rel}","templated":true}]}}