{"id":4190,"date":"2018-02-12T13:29:22","date_gmt":"2018-02-12T13:29:22","guid":{"rendered":"http:\/\/sundalsryr.se\/?p=4190"},"modified":"2018-02-14T11:46:17","modified_gmt":"2018-02-14T11:46:17","slug":"byabladet-varen-2018","status":"publish","type":"post","link":"https:\/\/sundalsryr.se\/?p=4190","title":{"rendered":"Byabladet v\u00e5ren 2018"},"content":{"rendered":"<p>Nu har byabladet landat i v\u00e5ra brevl\u00e5dor. Kontakta n\u00e5gon i styrelsen om du inte f\u00e5tt n\u00e5got.<\/p>\n<p>H\u00e4r kommer ett litet smakprov p\u00e5 vad som ska h\u00e4nda under v\u00e5ren. Som vanlig kommer det p\u00e5minnelser h\u00e4r p\u00e5 hemsidan och p\u00e5 facebook.<\/p>\n<p>&nbsp;<\/p>\n<p><strong>Mars<\/strong><\/p>\n<p><strong>Filmvisning<\/strong><\/p>\n<p><del>Torsdag 8 mars<\/del> kl. 18.30 inbjuder byalaget och Sundals-Ryrs f\u00f6rsamling till en filmkv\u00e4ll i Sundals-Ryrs f\u00f6rsamlingshem. Jan G Andersson kommer och visar sin film om Tora Alfredsson, 97 \u00e5r gammal, bosatt i Gestad sedan m\u00e5nga \u00e5r. Tora kommer ocks\u00e5 att n\u00e4rvara under kv\u00e4llen och svara p\u00e5 fr\u00e5gor om sitt sp\u00e4nnande liv. Vi bjuder p\u00e5 fika.\u00a0 \u00a0<strong>OBS \u00c4ndrat datum! nytt prelimin\u00e4rt datum \u00e4r 5 april.<\/strong><\/p>\n<p>&nbsp;<\/p>\n<p><strong>\u00c5rsm\u00f6te &amp; v\u00e5ffelcaf\u00e9<\/strong><br \/>\nOnsdag 28 mars bjuder byalaget p\u00e5 v\u00e5ffelcaf\u00e9 p\u00e5 Evenstorps g\u00e5rd. Drop in mellan kl. 18.00-19.00. Kl. 19.00 b\u00f6rjar vi sedan v\u00e5rt \u00e5rsm\u00f6te. Hj\u00e4rtligt v\u00e4lkomna allesammans!<\/p>\n<p>&nbsp;<\/p>\n<p><strong>April<\/strong><\/p>\n<p><strong>Kanoterna l\u00e4ggs vid Bollungen<\/strong><\/p>\n<p>Vill du l\u00e5na kanoterna? Det kostar 20 kr\/kanot och dag.<\/p>\n<p>Swishas till 123 0988 303<\/p>\n<p>F\u00f6r bokning, kontakta Maria Carlring 0702-743978<\/p>\n<p><a href=\"mailto:maria.carlring@hotmail.com\">maria.carlring@hotmail.com<\/a>, eller via Messenger.<\/p>\n<p>&nbsp;<\/p>\n<p><strong>Loppisrunda<\/strong><br \/>\nL\u00f6rdag 14 april \u00e4r det loppisrunda i och omkring Br\u00e5landa. Vill du ha n\u00e5gonstans att s\u00e4lja dina saker kan du hyra ett bord p\u00e5 Brobergs loge (tele: 35030) Karta \u00f6ver loppisarna finns p\u00e5 gallerian i Br\u00e5landa.<\/p>\n<p>&nbsp;<\/p>\n<p><strong>Mulles dag<\/strong><\/p>\n<p>S\u00f6ndag 15 april \u00e4r det Mulles dag p\u00e5 Granan. Kl. 10-12.<\/p>\n<p>&nbsp;<\/p>\n<p><strong>Kyrkok\u00f6rens v\u00e5rfest<\/strong><\/p>\n<p>L\u00f6rdag 21 april och s\u00f6ndag 22 april kl. 16 har kyrkok\u00f6ren v\u00e5rfest i f\u00f6rsamlingshemmet. Mer info om biljetter etc. kommer senare i tidningsannons samt att affischer kommer att s\u00e4ttas upp.<\/p>\n<p>&nbsp;<\/p>\n<p><strong>Maj<\/strong><\/p>\n<p><strong>Lerduveskytte <\/strong><br \/>\nTisdag 1 maj. B\u00e5de publik och t\u00e4vlande h\u00e4lsas v\u00e4lkomna till den \u00e5rliga kampen. F\u00f6rsta skottet sm\u00e4ller kl 11.00, vid fr\u00e5gor ring Nicklas Hansson tele: 35060<\/p>\n<p>&nbsp;<\/p>\n<p><strong>Stora v\u00e5rdoppet<\/strong><br \/>\nTisdag 1 maj.\u00a0 N\u00e5gra badentusiaster har sedan flera \u00e5r tagit f\u00f6r vana att bada 1 maj. Kom och var med eller kom och titta. Bollungens badplats kl 17.<\/p>\n<p>&nbsp;<\/p>\n<p><strong>Kosl\u00e4pp <\/strong><br \/>\nTisdag 1 maj p\u00e5 Evenstorps g\u00e5rd. Kl 14-17. F\u00f6r mer information, bes\u00f6k <a href=\"http:\/\/www.ekologiskahallon.se\">www.ekologiskahallon.se<\/a><\/p>\n<p>&nbsp;<\/p>\n<p><strong>After work med Cykeltipspromenad<\/strong> och grillning f\u00f6r hela familjen. Fredag 18 maj k\u00f6r vi en repris p\u00e5 f\u00f6rra \u00e5rets lyckade kv\u00e4ll. Drop in fr\u00e5n kl. 18, start och m\u00e5l vid Andreas Johansson, Bollerud\u00a0 Cykelturen \u00e4r ca 3 km. Efter\u00e5t har vi grillarna varma. Var och en tar med mat och dryck till sig.\u00a0 Fr\u00e5gor Andreas Johansson tel: 35036<\/p>\n<p>&nbsp;<\/p>\n<p><strong>Badplatsst\u00e4dning<\/strong><\/p>\n<p>Torsdag 31 maj kl 18:00 tr\u00e4ffas vi vid Bollungens badplats och hj\u00e4lps \u00e5t att fixa i ordning inf\u00f6r bads\u00e4songen. Byalaget bjuder p\u00e5 korv och br\u00f6d. Fr\u00e5gor Andreas Johansson tel: 35036<\/p>\n<p>&nbsp;<\/p>\n<p>&nbsp;<\/p>\n<p><strong>Juni<\/strong><\/p>\n<p><strong>H\u00e4ssjning av h\u00f6<\/strong><\/p>\n<p>L\u00f6rdag 16 juni kl. 15 tr\u00e4ffas vi hos Olssons i H\u00e4ljebyn f\u00f6r att f\u00e5 se hur h\u00e4ssjning av h\u00f6 g\u00e5r till. Medtag egen fikakorg. Obs, datumet \u00e4r prelimin\u00e4rt beroende p\u00e5 v\u00e4dret, vid d\u00e5ligt v\u00e4der st\u00e4ller vi in, h\u00e5ll koll p\u00e5 Facebook och hemsidan.<\/p>\n<p>Fr\u00e5gor Robert Olsson tele: 0706-298644<\/p>\n<p>&nbsp;<\/p>\n<p>.<\/p>\n","protected":false},"excerpt":{"rendered":"<p>Nu har byabladet landat i v\u00e5ra brevl\u00e5dor. Kontakta n\u00e5gon i styrelsen om du inte f\u00e5tt n\u00e5got. H\u00e4r kommer ett litet smakprov p\u00e5 vad som ska h\u00e4nda under v\u00e5ren. Som vanlig kommer det p\u00e5minnelser h\u00e4r p\u00e5 hemsidan och p\u00e5 facebook. &nbsp; Mars Filmvisning Torsdag 8 mars kl. 18.30 inbjuder byalaget och Sundals-Ryrs f\u00f6rsamling till en filmkv\u00e4ll&#8230;<\/p>\n","protected":false},"author":3,"featured_media":0,"comment_status":"open","ping_status":"open","sticky":false,"template":"","format":"standard","meta":{"_monsterinsights_skip_tracking":false,"_monsterinsights_sitenote_active":false,"_monsterinsights_sitenote_note":"","_monsterinsights_sitenote_category":0,"footnotes":""},"categories":[1],"tags":[],"class_list":["post-4190","post","type-post","status-publish","format-standard","hentry","category-aktuellt"],"_links":{"self":[{"href":"https:\/\/sundalsryr.se\/index.php?rest_route=\/wp\/v2\/posts\/4190"}],"collection":[{"href":"https:\/\/sundalsryr.se\/index.php?rest_route=\/wp\/v2\/posts"}],"about":[{"href":"https:\/\/sundalsryr.se\/index.php?rest_route=\/wp\/v2\/types\/post"}],"author":[{"embeddable":true,"href":"https:\/\/sundalsryr.se\/index.php?rest_route=\/wp\/v2\/users\/3"}],"replies":[{"embeddable":true,"href":"https:\/\/sundalsryr.se\/index.php?rest_route=%2Fwp%2Fv2%2Fcomments&post=4190"}],"version-history":[{"count":3,"href":"https:\/\/sundalsryr.se\/index.php?rest_route=\/wp\/v2\/posts\/4190\/revisions"}],"predecessor-version":[{"id":4193,"href":"https:\/\/sundalsryr.se\/index.php?rest_route=\/wp\/v2\/posts\/4190\/revisions\/4193"}],"wp:attachment":[{"href":"https:\/\/sundalsryr.se\/index.php?rest_route=%2Fwp%2Fv2%2Fmedia&parent=4190"}],"wp:term":[{"taxonomy":"category","embeddable":true,"href":"https:\/\/sundalsryr.se\/index.php?rest_route=%2Fwp%2Fv2%2Fcategories&post=4190"},{"taxonomy":"post_tag","embeddable":true,"href":"https:\/\/sundalsryr.se\/index.php?rest_route=%2Fwp%2Fv2%2Ftags&post=4190"}],"curies":[{"name":"wp","href":"https:\/\/api.w.org\/{rel}","templated":true}]}}