{"id":4195,"date":"2018-02-21T19:21:02","date_gmt":"2018-02-21T19:21:02","guid":{"rendered":"http:\/\/sundalsryr.se\/?p=4195"},"modified":"2018-02-22T17:59:00","modified_gmt":"2018-02-22T17:59:00","slug":"snart-ar-sundals-ryrs-sista-mjolkkor-ett-minne-blott","status":"publish","type":"post","link":"https:\/\/sundalsryr.se\/?p=4195","title":{"rendered":"Snart \u00e4r Sundals ryrs sista mj\u00f6lkkor ett minne blott&#8230;"},"content":{"rendered":"<p><a href=\"http:\/\/sundalsryr.se\/wp-content\/uploads\/2018\/02\/DSC_0030.jpg\"><img loading=\"lazy\" decoding=\"async\" class=\"aligncenter wp-image-4196\" src=\"http:\/\/sundalsryr.se\/wp-content\/uploads\/2018\/02\/DSC_0030-1024x496.jpg\" alt=\"\" width=\"730\" height=\"354\" srcset=\"https:\/\/sundalsryr.se\/wp-content\/uploads\/2018\/02\/DSC_0030-1024x496.jpg 1024w, https:\/\/sundalsryr.se\/wp-content\/uploads\/2018\/02\/DSC_0030-300x145.jpg 300w, https:\/\/sundalsryr.se\/wp-content\/uploads\/2018\/02\/DSC_0030-768x372.jpg 768w\" sizes=\"(max-width: 730px) 100vw, 730px\" \/><\/a><\/p>\n<p>I tusentals \u00e5r har m\u00e4nniskan haft n\u00f6tkreatur, det \u00e4r de som utgjort grunden f\u00f6r den svenska bondekulturen och det \u00e4r betande djur som har format det vackra svenska landskapet. Sundals ryr \u00e4r en lantbruksbygd och h\u00e4r har det funnits mj\u00f6lkkor sedan urminnes tider. Det \u00e4r med sorg i hj\u00e4rtat vi nu konstaterar att under 2018 kommer den allra sista mj\u00f6lkbonden i socknen att sluta. N\u00f6tkreatur f\u00f6r k\u00f6ttproduktion kommer \u00e4ven forts\u00e4ttningsvis finnas kvar. Men de sista mj\u00f6lkkorna, juvelerna i lantbrukets krona, kommer att f\u00f6rsvinna i slutet av sommaren.<\/p>\n<p><a href=\"http:\/\/sundalsryr.se\/wp-content\/uploads\/2018\/02\/DSC_0017.jpg\"><img loading=\"lazy\" decoding=\"async\" class=\"aligncenter wp-image-4199\" src=\"http:\/\/sundalsryr.se\/wp-content\/uploads\/2018\/02\/DSC_0017-1024x576.jpg\" alt=\"\" width=\"795\" height=\"447\" srcset=\"https:\/\/sundalsryr.se\/wp-content\/uploads\/2018\/02\/DSC_0017-1024x576.jpg 1024w, https:\/\/sundalsryr.se\/wp-content\/uploads\/2018\/02\/DSC_0017-300x169.jpg 300w, https:\/\/sundalsryr.se\/wp-content\/uploads\/2018\/02\/DSC_0017-768x432.jpg 768w\" sizes=\"(max-width: 795px) 100vw, 795px\" \/><\/a><\/p>\n<p>Sundals ryrs siste mj\u00f6lkproducent Bertil \u201dRaggarn\u201d Herlogsson har best\u00e4mt sig f\u00f6r att g\u00e5 i pension efter 28 \u00e5r som mj\u00f6lkbonde. V\u00e5ren 1990 tog han \u00f6ver g\u00e5rden efter sin far Arne. D\u00e5 fanns det mj\u00f6lkkor p\u00e5 minst 10 g\u00e5rdar till i socknen och man s\u00e5g betande djur \u00f6verallt. Sedan dess har han sj\u00e4lv sk\u00f6tt om, utfodrat och mj\u00f6lkat de 20 korna p\u00e5 g\u00e5rden i Ryr, vardag som helg, morgon och kv\u00e4ll. Ett ladug\u00e5rdspass tar 2,5 timmar, d\u00e4remellan ska han sk\u00f6ta allt annat som h\u00f6r lantbrukarlivet till.<\/p>\n<p>N\u00e4r jag h\u00e4lsar p\u00e5 hos Bertil och korna i ladug\u00e5rden, h\u00e5ller han som b\u00e4st p\u00e5 att utfodra eftermiddagsmaten. 18 brun-vita och 2 svart-vita damer tittar nyfiket p\u00e5 mig med lugna och kloka \u00f6gon. En r\u00e4ls i taket och ett spjut genom rundbalen g\u00f6r det l\u00e4tt att k\u00f6ra in ensilaget. Kon som st\u00e5r l\u00e4ngst ut i raden str\u00e4cker ut sin l\u00e5nga tunga och n\u00e5r precis att f\u00e5 tag i en tugga, fast inte Bertil \u00f6ppnat grindarna till foderbordet \u00e4n.<\/p>\n<p>&nbsp;<\/p>\n<p>Han ber\u00e4ttar han att han f\u00f6rra \u00e5ret var ledig en halv dag. Sammanlagt har han varit ledig ungef\u00e4r 14 dagar under de 28 \u00e5ren. En imponerande arbetsinsats! Tidiga mornar och l\u00e5nga dagar \u00e4r n\u00e5got som k\u00e4nnetecknar mj\u00f6lkbondens liv och man f\u00f6rst\u00e5r att han nu ser fram emot att kunna vara mer fri.<\/p>\n<p><a href=\"http:\/\/sundalsryr.se\/wp-content\/uploads\/2018\/02\/DSC_0036.jpg\"><img loading=\"lazy\" decoding=\"async\" class=\"aligncenter wp-image-4197\" src=\"http:\/\/sundalsryr.se\/wp-content\/uploads\/2018\/02\/DSC_0036-1024x576.jpg\" alt=\"\" width=\"622\" height=\"350\" srcset=\"https:\/\/sundalsryr.se\/wp-content\/uploads\/2018\/02\/DSC_0036-1024x576.jpg 1024w, https:\/\/sundalsryr.se\/wp-content\/uploads\/2018\/02\/DSC_0036-300x169.jpg 300w, https:\/\/sundalsryr.se\/wp-content\/uploads\/2018\/02\/DSC_0036-768x432.jpg 768w\" sizes=\"(max-width: 622px) 100vw, 622px\" \/><\/a><\/p>\n<p>Samtidigt som den ljusa SRB-kon str\u00e4cker fram sin mule f\u00f6r att bli kliad, ber\u00e4ttar Bertil att det blir ungef\u00e4r 900 liter mj\u00f6lk som Arlas mj\u00f6lkbil kan h\u00e4mta varannan dag. Genom \u00e5ren har det varit b\u00e5de upp och nerg\u00e5ngar att vara mj\u00f6lkproducent. F\u00f6r ett par \u00e5r sedan var det riktigt d\u00e5ligt, men just nu \u00e4r det ganska bra.<\/p>\n<p><a href=\"http:\/\/sundalsryr.se\/wp-content\/uploads\/2018\/02\/DSC_0021.jpg\"><img loading=\"lazy\" decoding=\"async\" class=\"alignleft size-medium wp-image-4198\" src=\"http:\/\/sundalsryr.se\/wp-content\/uploads\/2018\/02\/DSC_0021-300x255.jpg\" alt=\"\" width=\"300\" height=\"255\" srcset=\"https:\/\/sundalsryr.se\/wp-content\/uploads\/2018\/02\/DSC_0021-300x255.jpg 300w, https:\/\/sundalsryr.se\/wp-content\/uploads\/2018\/02\/DSC_0021-768x652.jpg 768w, https:\/\/sundalsryr.se\/wp-content\/uploads\/2018\/02\/DSC_0021-1024x870.jpg 1024w\" sizes=\"(max-width: 300px) 100vw, 300px\" \/><\/a><\/p>\n<p>De s\u00f6ta kalvarna som hoppar och skuttar i sina rej\u00e4lt stora boxar, ska s\u00e4ljas och om ett halv\u00e5r f\u00e5r mj\u00f6lkkorna \u00e5ka p\u00e5 den sista resan till Dahlbergs i Br\u00e5landa. Bertil \u00e4r en sann djurv\u00e4n och medger att kommer vara ledsamt den dagen som korna \u00e5ker iv\u00e4g. Men n\u00e5gon g\u00e5ng m\u00e5ste det ske, s\u00e4ger han. Han kommer forts\u00e4tta med v\u00e4xtodling p\u00e5 g\u00e5rden. Vallarna \u00e4r redan uppl\u00f6jda, endast den d\u00e4r korna ska beta sin sista sommar \u00e4r kvar.<\/p>\n<p>Vi k\u00e4nner vi en stor tacksamhet f\u00f6r allt som mj\u00f6lkkorna och deras b\u00f6nder gjort f\u00f6r oss. Ingen yrkesgrupp \u00e4r v\u00e4l s\u00e5 viktig, som den som tillverkar v\u00e5r mat. Att det finns m\u00e4nniskor som jobbar p\u00e5 landsbygden under dagarna, n\u00e4r de flesta andra \u00e5ker mot stad och arbete, inger trygghet. Betande kor p\u00e5 sommaren och det milda ljuset fr\u00e5n ladug\u00e5rdsf\u00f6nstren en tidig vintermorgon, f\u00e5r v\u00e5r trakt att k\u00e4nnas levande.<\/p>\n<p><a href=\"http:\/\/sundalsryr.se\/wp-content\/uploads\/2018\/02\/DSC_0033.jpg\"><img loading=\"lazy\" decoding=\"async\" class=\"alignright size-medium wp-image-4200\" src=\"http:\/\/sundalsryr.se\/wp-content\/uploads\/2018\/02\/DSC_0033-216x300.jpg\" alt=\"\" width=\"216\" height=\"300\" srcset=\"https:\/\/sundalsryr.se\/wp-content\/uploads\/2018\/02\/DSC_0033-216x300.jpg 216w, https:\/\/sundalsryr.se\/wp-content\/uploads\/2018\/02\/DSC_0033-768x1064.jpg 768w, https:\/\/sundalsryr.se\/wp-content\/uploads\/2018\/02\/DSC_0033-739x1024.jpg 739w\" sizes=\"(max-width: 216px) 100vw, 216px\" \/><\/a><\/p>\n<p>&nbsp;<\/p>\n<p>Att f\u00f6retag startar, byter inriktning eller l\u00e4gger ner, h\u00e4nder hela tiden och det \u00e4r inte n\u00e5got konstigt med det. Men n\u00e4r de allra sista mj\u00f6lkkorna f\u00f6rsvinner fr\u00e5n en bygd och det inte finns ett enda tecken som tyder p\u00e5 att det skulle komma n\u00e5gra nya, s\u00e5 k\u00e4nns det lite vemodigt. Som om en epok g\u00e5r i graven.<\/p>\n<p>Vi \u00f6nskar Bertil ett stort lycka till med det sista halv\u00e5ret som mj\u00f6lkproducent och med den nya tillvaron som spannm\u00e5lsodlare. Efter m\u00e5nga \u00e5r som mj\u00f6lkbonde \u00e4r det honom v\u00e4l unt att f\u00e5 vara mer ledig.<\/p>\n<p>&nbsp;<\/p>\n<p>\/ Susanne Borss\u00e9n<\/p>\n<p>&nbsp;<\/p>\n<p>.<\/p>\n","protected":false},"excerpt":{"rendered":"<p>I tusentals \u00e5r har m\u00e4nniskan haft n\u00f6tkreatur, det \u00e4r de som utgjort grunden f\u00f6r den svenska bondekulturen och det \u00e4r betande djur som har format det vackra svenska landskapet. Sundals ryr \u00e4r en lantbruksbygd och h\u00e4r har det funnits mj\u00f6lkkor sedan urminnes tider. Det \u00e4r med sorg i hj\u00e4rtat vi nu konstaterar att under 2018&#8230;<\/p>\n","protected":false},"author":3,"featured_media":0,"comment_status":"open","ping_status":"open","sticky":false,"template":"","format":"standard","meta":{"_monsterinsights_skip_tracking":false,"_monsterinsights_sitenote_active":false,"_monsterinsights_sitenote_note":"","_monsterinsights_sitenote_category":0,"footnotes":""},"categories":[1,13,12],"tags":[],"class_list":["post-4195","post","type-post","status-publish","format-standard","hentry","category-aktuellt","category-det-var-en-gang","category-foretag-i-sundals-ryr"],"_links":{"self":[{"href":"https:\/\/sundalsryr.se\/index.php?rest_route=\/wp\/v2\/posts\/4195"}],"collection":[{"href":"https:\/\/sundalsryr.se\/index.php?rest_route=\/wp\/v2\/posts"}],"about":[{"href":"https:\/\/sundalsryr.se\/index.php?rest_route=\/wp\/v2\/types\/post"}],"author":[{"embeddable":true,"href":"https:\/\/sundalsryr.se\/index.php?rest_route=\/wp\/v2\/users\/3"}],"replies":[{"embeddable":true,"href":"https:\/\/sundalsryr.se\/index.php?rest_route=%2Fwp%2Fv2%2Fcomments&post=4195"}],"version-history":[{"count":1,"href":"https:\/\/sundalsryr.se\/index.php?rest_route=\/wp\/v2\/posts\/4195\/revisions"}],"predecessor-version":[{"id":4201,"href":"https:\/\/sundalsryr.se\/index.php?rest_route=\/wp\/v2\/posts\/4195\/revisions\/4201"}],"wp:attachment":[{"href":"https:\/\/sundalsryr.se\/index.php?rest_route=%2Fwp%2Fv2%2Fmedia&parent=4195"}],"wp:term":[{"taxonomy":"category","embeddable":true,"href":"https:\/\/sundalsryr.se\/index.php?rest_route=%2Fwp%2Fv2%2Fcategories&post=4195"},{"taxonomy":"post_tag","embeddable":true,"href":"https:\/\/sundalsryr.se\/index.php?rest_route=%2Fwp%2Fv2%2Ftags&post=4195"}],"curies":[{"name":"wp","href":"https:\/\/api.w.org\/{rel}","templated":true}]}}