{"id":424,"date":"2011-02-20T17:00:11","date_gmt":"2011-02-20T17:00:11","guid":{"rendered":"http:\/\/sundalsryr.se\/?p=424"},"modified":"2011-02-20T18:36:55","modified_gmt":"2011-02-20T18:36:55","slug":"hemside-och-fotokvall-2","status":"publish","type":"post","link":"https:\/\/sundalsryr.se\/?p=424","title":{"rendered":"Hemside och fotokv\u00e4ll"},"content":{"rendered":"<p><a href=\"http:\/\/sundalsryr.se\/wp-content\/uploads\/2011\/02\/fotohemsidekv\u00e4ll20111.jpg\"><img loading=\"lazy\" decoding=\"async\" class=\"alignnone size-medium wp-image-426\" title=\"fotohemsidekv\u00e4ll2011\" src=\"http:\/\/sundalsryr.se\/wp-content\/uploads\/2011\/02\/fotohemsidekv\u00e4ll20111-300x174.jpg\" alt=\"\" width=\"300\" height=\"174\" srcset=\"https:\/\/sundalsryr.se\/wp-content\/uploads\/2011\/02\/fotohemsidekv\u00e4ll20111-300x174.jpg 300w, https:\/\/sundalsryr.se\/wp-content\/uploads\/2011\/02\/fotohemsidekv\u00e4ll20111.jpg 913w\" sizes=\"(max-width: 300px) 100vw, 300px\" \/><\/a><\/p>\n<p>&#8221;Ett aktivt Sundals Ryr 2011&#8221; det \u00e4r vad Leaderprojektet som p\u00e5g\u00e5r f\u00f6r fullt i Sundals Ryr handlar om. Projektet i bygden har fyra arbetsgrupper varav en grup arbetar med att iordningst\u00e4lla en aktivitetsled f\u00f6r\u00f6 cyklister, ridning och vandring. En grupp arbetar m<!--more-->ed att samordna stuguthyrningen i bygden, en grupp arbetar med badplatsen i Bollungen och den sista gruppen arbetar med information coh marknadsf\u00f6ring. Det var i samband med informationsgruppen som Lennart Bernhardsson fr\u00e5n Stigen kom och ber\u00e4ttade hur vi tillsammans i bygden skall f\u00e5 en levande hemsida i v\u00e5r levande landsbygd. Hemsidan finns p\u00e5 <a href=\"http:\/\/www.sundalsryr.se\/\">www.sundalsryr.se<\/a> och en levande hemsida beh\u00f6ver m\u00e5nga bes\u00f6kare och m\u00e5nga skribenter som g\u00f6r inl\u00e4gg. Lennart ber\u00e4ttade om funktionen RSS som idag finns p\u00e5 de flesta hemsidor. Det \u00e4r en prenumation p\u00e5 hemsidans nyheter. Nu finns Sundals Ryr p\u00e5 facebook ocks\u00e5-ytterligare ett s\u00e4tt att f\u00e5 ut information i bygden. Bygden har redan haft god hj\u00e4lp av dessa medier bl.a. i samband med vattenl\u00e4cka. Efter kaffet tog\u00a0Olle Gustavsson, numera bygdens egna fotograf\u00f6ver. Olle\u00a0visade\u00a0vilket arbete som ligger bakom redigering av bilder i datorn. Vi fick alla en aha-upplevelse \u00f6ver hur mycket tid som l\u00e4ggs ner f\u00f6r att f\u00e5 en bild att fungera i tryck och att visa p\u00e5 hemsidor m.m. Olle har under ett \u00e5rs tid varit runt i bygden och fotograferat f\u00f6r att f\u00e5 ett material\u00a0till informationsbroschyren som arbetas fram. Vi fick se ett bildspel som Olle satt ihop med bildmaterial fr\u00e5n bygdenmed passande musik till. Det var bilder p\u00e5 cyklister, vandrare, vedhuggare, ryttare, vackra vyer m.m. \u00d6ver 250 bilder visades. M\u00e5ls\u00e4ttningen \u00e4r att ha informationsbroschyren f\u00e4rdig till den stora invigningen av aktivitetsleden som planeras i slutet av augusti.<\/p>\n","protected":false},"excerpt":{"rendered":"<p>&#8221;Ett aktivt Sundals Ryr 2011&#8221; det \u00e4r vad Leaderprojektet som p\u00e5g\u00e5r f\u00f6r fullt i Sundals Ryr handlar om. Projektet i bygden har fyra arbetsgrupper varav en grup arbetar med att iordningst\u00e4lla en aktivitetsled f\u00f6r\u00f6 cyklister, ridning och vandring. En grupp arbetar m<\/p>\n","protected":false},"author":2,"featured_media":0,"comment_status":"open","ping_status":"open","sticky":false,"template":"","format":"standard","meta":{"_monsterinsights_skip_tracking":false,"_monsterinsights_sitenote_active":false,"_monsterinsights_sitenote_note":"","_monsterinsights_sitenote_category":0,"footnotes":""},"categories":[1,7],"tags":[],"class_list":["post-424","post","type-post","status-publish","format-standard","hentry","category-aktuellt","category-leaderprojektet"],"_links":{"self":[{"href":"https:\/\/sundalsryr.se\/index.php?rest_route=\/wp\/v2\/posts\/424"}],"collection":[{"href":"https:\/\/sundalsryr.se\/index.php?rest_route=\/wp\/v2\/posts"}],"about":[{"href":"https:\/\/sundalsryr.se\/index.php?rest_route=\/wp\/v2\/types\/post"}],"author":[{"embeddable":true,"href":"https:\/\/sundalsryr.se\/index.php?rest_route=\/wp\/v2\/users\/2"}],"replies":[{"embeddable":true,"href":"https:\/\/sundalsryr.se\/index.php?rest_route=%2Fwp%2Fv2%2Fcomments&post=424"}],"version-history":[{"count":4,"href":"https:\/\/sundalsryr.se\/index.php?rest_route=\/wp\/v2\/posts\/424\/revisions"}],"predecessor-version":[{"id":442,"href":"https:\/\/sundalsryr.se\/index.php?rest_route=\/wp\/v2\/posts\/424\/revisions\/442"}],"wp:attachment":[{"href":"https:\/\/sundalsryr.se\/index.php?rest_route=%2Fwp%2Fv2%2Fmedia&parent=424"}],"wp:term":[{"taxonomy":"category","embeddable":true,"href":"https:\/\/sundalsryr.se\/index.php?rest_route=%2Fwp%2Fv2%2Fcategories&post=424"},{"taxonomy":"post_tag","embeddable":true,"href":"https:\/\/sundalsryr.se\/index.php?rest_route=%2Fwp%2Fv2%2Ftags&post=424"}],"curies":[{"name":"wp","href":"https:\/\/api.w.org\/{rel}","templated":true}]}}