{"id":4327,"date":"2018-08-01T17:27:22","date_gmt":"2018-08-01T17:27:22","guid":{"rendered":"http:\/\/sundalsryr.se\/?p=4327"},"modified":"2018-08-02T17:22:22","modified_gmt":"2018-08-02T17:22:22","slug":"rekord-i-varme-och-torka","status":"publish","type":"post","link":"https:\/\/sundalsryr.se\/?p=4327","title":{"rendered":"Rekord i v\u00e4rme och torka"},"content":{"rendered":"<p>Denna sommar g\u00e5r till historien som en av de torraste och varmaste i mannaminne. Kanske idealiskt f\u00f6r bad och sol\u00e4lskande semesterfirare, men knappast f\u00f6r lantbrukarna. Nyheter om d\u00e5liga sk\u00f6rdar och prognoser om att vinterfodret inte kommer r\u00e4cka n\u00e5r oss varje vecka. F\u00f6r att kolla hur sk\u00f6rdel\u00e4get ser ut i Sundals ryr tog jag en liten rundtur i bygden.<\/p>\n<figure id=\"attachment_4328\" aria-describedby=\"caption-attachment-4328\" style=\"width: 716px\" class=\"wp-caption aligncenter\"><a href=\"http:\/\/sundalsryr.se\/wp-content\/uploads\/2018\/08\/DSC_0411.jpg\"><img loading=\"lazy\" decoding=\"async\" class=\"wp-image-4328\" src=\"http:\/\/sundalsryr.se\/wp-content\/uploads\/2018\/08\/DSC_0411.jpg\" alt=\"\" width=\"716\" height=\"536\" srcset=\"https:\/\/sundalsryr.se\/wp-content\/uploads\/2018\/08\/DSC_0411.jpg 4025w, https:\/\/sundalsryr.se\/wp-content\/uploads\/2018\/08\/DSC_0411-300x225.jpg 300w, https:\/\/sundalsryr.se\/wp-content\/uploads\/2018\/08\/DSC_0411-768x576.jpg 768w, https:\/\/sundalsryr.se\/wp-content\/uploads\/2018\/08\/DSC_0411-1024x768.jpg 1024w\" sizes=\"(max-width: 716px) 100vw, 716px\" \/><\/a><figcaption id=\"caption-attachment-4328\" class=\"wp-caption-text\">Rabarberodling p\u00e5 Evenstorp<\/figcaption><\/figure>\n<figure id=\"attachment_4329\" aria-describedby=\"caption-attachment-4329\" style=\"width: 715px\" class=\"wp-caption aligncenter\"><a href=\"http:\/\/sundalsryr.se\/wp-content\/uploads\/2018\/08\/DSC_0414.jpg\"><img loading=\"lazy\" decoding=\"async\" class=\"wp-image-4329\" src=\"http:\/\/sundalsryr.se\/wp-content\/uploads\/2018\/08\/DSC_0414.jpg\" alt=\"\" width=\"715\" height=\"402\" srcset=\"https:\/\/sundalsryr.se\/wp-content\/uploads\/2018\/08\/DSC_0414.jpg 5504w, https:\/\/sundalsryr.se\/wp-content\/uploads\/2018\/08\/DSC_0414-300x169.jpg 300w, https:\/\/sundalsryr.se\/wp-content\/uploads\/2018\/08\/DSC_0414-768x432.jpg 768w, https:\/\/sundalsryr.se\/wp-content\/uploads\/2018\/08\/DSC_0414-1024x576.jpg 1024w\" sizes=\"(max-width: 715px) 100vw, 715px\" \/><\/a><figcaption id=\"caption-attachment-4329\" class=\"wp-caption-text\">Hallonen i tunneln har bevattning<\/figcaption><\/figure>\n<p>Sofia Karlsson i Evenstorp ber\u00e4ttar att hallonen \u00e4r bevattnade och ger bra och tidig sk\u00f6rd. Det blir hallonfestival den 2-5 augusti och d\u00e5 kommer det finnas gott om hallon. V\u00e4rre \u00e4r det med betet till djuren. Allt \u00e4r s\u00f6nderbr\u00e4nt och torrt och man har f\u00e5tt b\u00f6rja st\u00f6dutfodra med det som var t\u00e4nkt som vinterfoder. Situationen \u00e4r mycket bekymmersam.<\/p>\n<figure id=\"attachment_4330\" aria-describedby=\"caption-attachment-4330\" style=\"width: 715px\" class=\"wp-caption aligncenter\"><a href=\"http:\/\/sundalsryr.se\/wp-content\/uploads\/2018\/08\/DSC_0424.jpg\"><img loading=\"lazy\" decoding=\"async\" class=\" wp-image-4330\" src=\"http:\/\/sundalsryr.se\/wp-content\/uploads\/2018\/08\/DSC_0424.jpg\" alt=\"\" width=\"715\" height=\"402\" srcset=\"https:\/\/sundalsryr.se\/wp-content\/uploads\/2018\/08\/DSC_0424.jpg 5504w, https:\/\/sundalsryr.se\/wp-content\/uploads\/2018\/08\/DSC_0424-300x169.jpg 300w, https:\/\/sundalsryr.se\/wp-content\/uploads\/2018\/08\/DSC_0424-768x432.jpg 768w, https:\/\/sundalsryr.se\/wp-content\/uploads\/2018\/08\/DSC_0424-1024x576.jpg 1024w\" sizes=\"(max-width: 715px) 100vw, 715px\" \/><\/a><figcaption id=\"caption-attachment-4330\" class=\"wp-caption-text\">J\u00f6rgen Oswaldsson tr\u00f6skar raps<\/figcaption><\/figure>\n<p>J\u00f6rgen p\u00e5 Oswvaldssons lantbruk, h\u00e5ller p\u00e5 att tr\u00f6ska raps n\u00e4r jag f\u00e5ngar honom. Han s\u00e4ger att drygt 10 % av arealen \u00e4r tr\u00f6skad. Det \u00e4r mycket tidigare \u00e4n vanligt. Spannm\u00e5len ger lite mindre i sk\u00f6rd men det \u00e4r ingen katastrof, det finns \u00e5r d\u00e5 regnet orsakat s\u00e4mre sk\u00f6rd \u00e4n vad torkan gjort i \u00e5r. St\u00f6rsta bekymret \u00e4r att \u00e5kerb\u00f6nan, som \u00e4r t\u00e4nkt att bli grisarnas proteinfoder till vintern, i stort sett inte kommer ge n\u00e5gon sk\u00f6rd alls. Eftersom det bedrivs ekologisk grisproduktion p\u00e5 g\u00e5rden blir det j\u00e4ttesv\u00e5rt eller helt om\u00f6jligt att hitta andra ekologiska proteinfoder. Det kommer ocks\u00e5 att bli sv\u00e5rt att f\u00e5 tag p\u00e5 de m\u00e4ngderna med halm som beh\u00f6vs till grisarna eftersom spannm\u00e5len \u00e4r mycket l\u00e4gre och glesare.<\/p>\n<figure id=\"attachment_4331\" aria-describedby=\"caption-attachment-4331\" style=\"width: 721px\" class=\"wp-caption aligncenter\"><a href=\"http:\/\/sundalsryr.se\/wp-content\/uploads\/2018\/08\/DSC_0419.jpg\"><img loading=\"lazy\" decoding=\"async\" class=\" wp-image-4331\" src=\"http:\/\/sundalsryr.se\/wp-content\/uploads\/2018\/08\/DSC_0419.jpg\" alt=\"\" width=\"721\" height=\"1282\" srcset=\"https:\/\/sundalsryr.se\/wp-content\/uploads\/2018\/08\/DSC_0419.jpg 3096w, https:\/\/sundalsryr.se\/wp-content\/uploads\/2018\/08\/DSC_0419-169x300.jpg 169w, https:\/\/sundalsryr.se\/wp-content\/uploads\/2018\/08\/DSC_0419-768x1365.jpg 768w, https:\/\/sundalsryr.se\/wp-content\/uploads\/2018\/08\/DSC_0419-576x1024.jpg 576w\" sizes=\"(max-width: 721px) 100vw, 721px\" \/><\/a><figcaption id=\"caption-attachment-4331\" class=\"wp-caption-text\">Om ungef\u00e4r en vecka ska humlen tr\u00f6skas<\/figcaption><\/figure>\n<p><a href=\"http:\/\/sundalsryr.se\/wp-content\/uploads\/2018\/08\/DSC_0420.jpg\"><img loading=\"lazy\" decoding=\"async\" class=\"aligncenter wp-image-4332\" src=\"http:\/\/sundalsryr.se\/wp-content\/uploads\/2018\/08\/DSC_0420.jpg\" alt=\"\" width=\"716\" height=\"1273\" srcset=\"https:\/\/sundalsryr.se\/wp-content\/uploads\/2018\/08\/DSC_0420.jpg 3096w, https:\/\/sundalsryr.se\/wp-content\/uploads\/2018\/08\/DSC_0420-169x300.jpg 169w, https:\/\/sundalsryr.se\/wp-content\/uploads\/2018\/08\/DSC_0420-768x1365.jpg 768w, https:\/\/sundalsryr.se\/wp-content\/uploads\/2018\/08\/DSC_0420-576x1024.jpg 576w\" sizes=\"(max-width: 716px) 100vw, 716px\" \/><\/a><\/p>\n<p>Glenn Johansson som driver g\u00e5rdarna Klypen och N\u00e4set har b\u00f6rjat sk\u00f6rda v\u00e5rvete. M\u00e4ngden blir mindre \u00e4n normalt \u00a0men vattenhalterna \u00e4r bra, s\u00e5 det kommer inte beh\u00f6vas torkas lika mycket som vanligt. P\u00e5 Klypan har humlen b\u00f6rjat mogna, om 4-10 dagar ber\u00e4knar han att premi\u00e4rk\u00f6ra sitt nya humletr\u00f6skverk som han k\u00f6pt fr\u00e5n Tyskland och som nu \u00e4r p\u00e5 v\u00e4g hit. Tack vare att humlen bevattnats ser det ut att bli bra sk\u00f6rd, trots att de \u00e4ldsta plantorna bara \u00e4r 2 \u00e5r.<\/p>\n<figure id=\"attachment_4333\" aria-describedby=\"caption-attachment-4333\" style=\"width: 715px\" class=\"wp-caption aligncenter\"><a href=\"http:\/\/sundalsryr.se\/wp-content\/uploads\/2018\/08\/DSC_0426.jpg\"><img loading=\"lazy\" decoding=\"async\" class=\" wp-image-4333\" src=\"http:\/\/sundalsryr.se\/wp-content\/uploads\/2018\/08\/DSC_0426.jpg\" alt=\"\" width=\"715\" height=\"402\" srcset=\"https:\/\/sundalsryr.se\/wp-content\/uploads\/2018\/08\/DSC_0426.jpg 5504w, https:\/\/sundalsryr.se\/wp-content\/uploads\/2018\/08\/DSC_0426-300x169.jpg 300w, https:\/\/sundalsryr.se\/wp-content\/uploads\/2018\/08\/DSC_0426-768x432.jpg 768w, https:\/\/sundalsryr.se\/wp-content\/uploads\/2018\/08\/DSC_0426-1024x576.jpg 1024w\" sizes=\"(max-width: 715px) 100vw, 715px\" \/><\/a><figcaption id=\"caption-attachment-4333\" class=\"wp-caption-text\">Fin kvalit\u00e9 men liten m\u00e4ngd av halm i \u00e5r<\/figcaption><\/figure>\n<p>Ola Borss\u00e9n i Sallebyn h\u00e5ller p\u00e5 att k\u00f6ra in de f\u00f6rsta halmbalarna f\u00f6r i \u00e5r. Att f\u00e5 tag i spannm\u00e5l till grisarna kommer s\u00e4kert l\u00f6sa sig p\u00e5 n\u00e5got s\u00e4tt, \u00e4ven om det kommer beh\u00f6vas k\u00f6pas in mer \u00e4n vanligt och den kommer vara dyrare \u00e4n den brukar vara. Halmen blir ett bekymmer, den som \u00e4r pressad hittills \u00e4r av bra kvalit\u00e9, men i vanliga fall f\u00e5r man 10-15 balar\/ha, i \u00e5r kanske det blir 4-6. Som tur \u00e4r har man en del kvar av f\u00f6rra \u00e5rets halm.<\/p>\n<figure id=\"attachment_4334\" aria-describedby=\"caption-attachment-4334\" style=\"width: 717px\" class=\"wp-caption aligncenter\"><a href=\"http:\/\/sundalsryr.se\/wp-content\/uploads\/2018\/08\/DSC_0428.jpg\"><img loading=\"lazy\" decoding=\"async\" class=\" wp-image-4334\" src=\"http:\/\/sundalsryr.se\/wp-content\/uploads\/2018\/08\/DSC_0428.jpg\" alt=\"\" width=\"717\" height=\"325\" srcset=\"https:\/\/sundalsryr.se\/wp-content\/uploads\/2018\/08\/DSC_0428.jpg 4913w, https:\/\/sundalsryr.se\/wp-content\/uploads\/2018\/08\/DSC_0428-300x136.jpg 300w, https:\/\/sundalsryr.se\/wp-content\/uploads\/2018\/08\/DSC_0428-768x348.jpg 768w, https:\/\/sundalsryr.se\/wp-content\/uploads\/2018\/08\/DSC_0428-1024x464.jpg 1024w\" sizes=\"(max-width: 717px) 100vw, 717px\" \/><\/a><figcaption id=\"caption-attachment-4334\" class=\"wp-caption-text\">Ensilagebalar som ska bli vinterfoder<\/figcaption><\/figure>\n<p>Staffan Skoglund i \u00d6stra Bleken har f\u00e5tt ihop tillr\u00e4ckligt med ensilage f\u00f6r att klara \u00e5rets behov, men s\u00e4ger att det \u00e4r v\u00e4ldigt d\u00e5ligt med bete till djuren nu. Det \u00e4r i stort sett bara r\u00f6tter kvar av gr\u00e4set. V\u00e5rs\u00e4den ser inte bra ut, men om man t\u00e4nker p\u00e5 hur lite regn det kommit \u00e4r det f\u00f6rv\u00e5nansv\u00e4rt att det \u00f6verhuvudtaget blir n\u00e5got att tr\u00f6ska. I vanliga fall brukar v\u00e5rs\u00e5dden ta ungef\u00e4r 120 dagar p\u00e5 sig fr\u00e5n s\u00e5dd till sk\u00f6rd. I \u00e5r \u00e4r den mogen p\u00e5 90 dagar och k\u00e4rnorna \u00e4r j\u00e4ttesm\u00e5. Eftersom allt \u00e4r torrt och brandrisken \u00e4r stor, blir det till att vara extra vaksam vid tr\u00f6skningen. Han t\u00e4nker g\u00f6ra som m\u00e5nga andra och k\u00f6ra ut en vattentank p\u00e5 \u00e5kern, f\u00f6r att ha till hands om det skulle beh\u00f6vas.<\/p>\n<p>Det torra varma v\u00e4dret ser ut att forts\u00e4tta. Den 31 juli slog SMHI\u00b4s v\u00e4derstation p\u00e5 Kroppefj\u00e4ll rekord f\u00f6r V\u00e4stsverige med 32,7 grader. N\u00e5gon kanske njuter, men f\u00f6r b\u00f6nderna \u00e4r det inte bra.<\/p>\n<p>\/Susanne Borss\u00e9n<\/p>\n<p>&nbsp;<\/p>\n<p>.<\/p>\n","protected":false},"excerpt":{"rendered":"<p>Denna sommar g\u00e5r till historien som en av de torraste och varmaste i mannaminne. Kanske idealiskt f\u00f6r bad och sol\u00e4lskande semesterfirare, men knappast f\u00f6r lantbrukarna. Nyheter om d\u00e5liga sk\u00f6rdar och prognoser om att vinterfodret inte kommer r\u00e4cka n\u00e5r oss varje vecka. F\u00f6r att kolla hur sk\u00f6rdel\u00e4get ser ut i Sundals ryr tog jag en liten&#8230;<\/p>\n","protected":false},"author":3,"featured_media":0,"comment_status":"open","ping_status":"open","sticky":false,"template":"","format":"standard","meta":{"_monsterinsights_skip_tracking":false,"_monsterinsights_sitenote_active":false,"_monsterinsights_sitenote_note":"","_monsterinsights_sitenote_category":0,"footnotes":""},"categories":[1],"tags":[],"class_list":["post-4327","post","type-post","status-publish","format-standard","hentry","category-aktuellt"],"_links":{"self":[{"href":"https:\/\/sundalsryr.se\/index.php?rest_route=\/wp\/v2\/posts\/4327"}],"collection":[{"href":"https:\/\/sundalsryr.se\/index.php?rest_route=\/wp\/v2\/posts"}],"about":[{"href":"https:\/\/sundalsryr.se\/index.php?rest_route=\/wp\/v2\/types\/post"}],"author":[{"embeddable":true,"href":"https:\/\/sundalsryr.se\/index.php?rest_route=\/wp\/v2\/users\/3"}],"replies":[{"embeddable":true,"href":"https:\/\/sundalsryr.se\/index.php?rest_route=%2Fwp%2Fv2%2Fcomments&post=4327"}],"version-history":[{"count":4,"href":"https:\/\/sundalsryr.se\/index.php?rest_route=\/wp\/v2\/posts\/4327\/revisions"}],"predecessor-version":[{"id":4338,"href":"https:\/\/sundalsryr.se\/index.php?rest_route=\/wp\/v2\/posts\/4327\/revisions\/4338"}],"wp:attachment":[{"href":"https:\/\/sundalsryr.se\/index.php?rest_route=%2Fwp%2Fv2%2Fmedia&parent=4327"}],"wp:term":[{"taxonomy":"category","embeddable":true,"href":"https:\/\/sundalsryr.se\/index.php?rest_route=%2Fwp%2Fv2%2Fcategories&post=4327"},{"taxonomy":"post_tag","embeddable":true,"href":"https:\/\/sundalsryr.se\/index.php?rest_route=%2Fwp%2Fv2%2Ftags&post=4327"}],"curies":[{"name":"wp","href":"https:\/\/api.w.org\/{rel}","templated":true}]}}