{"id":4348,"date":"2018-08-16T19:05:47","date_gmt":"2018-08-16T19:05:47","guid":{"rendered":"http:\/\/sundalsryr.se\/?p=4348"},"modified":"2018-08-16T19:05:47","modified_gmt":"2018-08-16T19:05:47","slug":"forelasning-med-birgitta-rasmusson","status":"publish","type":"post","link":"https:\/\/sundalsryr.se\/?p=4348","title":{"rendered":"F\u00f6rel\u00e4sning med Birgitta Rasmusson"},"content":{"rendered":"<p><a href=\"http:\/\/sundalsryr.se\/wp-content\/uploads\/2018\/08\/38272620_10156125663177479_5864019540442087424_n.jpg\"><img loading=\"lazy\" decoding=\"async\" class=\"aligncenter  wp-image-4349\" src=\"http:\/\/sundalsryr.se\/wp-content\/uploads\/2018\/08\/38272620_10156125663177479_5864019540442087424_n-1024x579.jpg\" alt=\"\" width=\"650\" height=\"367\" srcset=\"https:\/\/sundalsryr.se\/wp-content\/uploads\/2018\/08\/38272620_10156125663177479_5864019540442087424_n.jpg 1024w, https:\/\/sundalsryr.se\/wp-content\/uploads\/2018\/08\/38272620_10156125663177479_5864019540442087424_n-300x170.jpg 300w, https:\/\/sundalsryr.se\/wp-content\/uploads\/2018\/08\/38272620_10156125663177479_5864019540442087424_n-768x434.jpg 768w\" sizes=\"(max-width: 650px) 100vw, 650px\" \/><\/a><\/p>\n<p>S\u00f6ndag 16 september kommer Birgitta Rasmusson, k\u00e4nd fr\u00e5n bla. Tv-programmet \u201dHela Sverige bakar\u201d och receptboken \u201dSju sorters kakor\u201d, till Sundals Ryr.<br \/>\nHon kommer att h\u00e5lla sin popul\u00e4ra f\u00f6rel\u00e4sning \u201dKafferepets historia och sju sorters kakor\u201d<\/p>\n<p>Birgitta f\u00f6rel\u00e4ser om kafferep och sm\u00e5kakor och f\u00f6r att det ska bli ett riktigt kafferep f\u00e5r ni som vill g\u00e4rna baka och ta med er kakor. D\u00e5 f\u00e5r vi till en h\u00e4rlig kakbuff\u00e9 att avnjuta tillsammans med Birgitta!<br \/>\nByalaget bjuder p\u00e5 kaffe.<\/p>\n<p>V\u00e4lkomna till f\u00f6rsamlingshemmet kl. 15. F\u00f6rel\u00e4sningen \u00e4r ca 45 min, sedan blir det kafferep!<br \/>\nKostnad: 80 kr.<br \/>\nEndast f\u00f6ranm\u00e4lan, begr\u00e4nsat antal platser.<br \/>\nAnm\u00e4lan g\u00f6rs till Maria Carlring,\u00a0<a href=\"mailto:maria.carlring@hotmail.com\">maria.carlring@hotmail.com<\/a>\u00a00702-743978. Sista anm\u00e4lningsdag 9 sept.<\/p>\n<p>&nbsp;<\/p>\n<p>.<\/p>\n<p>&nbsp;<\/p>\n","protected":false},"excerpt":{"rendered":"<p>S\u00f6ndag 16 september kommer Birgitta Rasmusson, k\u00e4nd fr\u00e5n bla. Tv-programmet \u201dHela Sverige bakar\u201d och receptboken \u201dSju sorters kakor\u201d, till Sundals Ryr. Hon kommer att h\u00e5lla sin popul\u00e4ra f\u00f6rel\u00e4sning \u201dKafferepets historia och sju sorters kakor\u201d Birgitta f\u00f6rel\u00e4ser om kafferep och sm\u00e5kakor och f\u00f6r att det ska bli ett riktigt kafferep f\u00e5r ni som vill g\u00e4rna baka&#8230;<\/p>\n","protected":false},"author":3,"featured_media":0,"comment_status":"open","ping_status":"open","sticky":false,"template":"","format":"standard","meta":{"_monsterinsights_skip_tracking":false,"_monsterinsights_sitenote_active":false,"_monsterinsights_sitenote_note":"","_monsterinsights_sitenote_category":0,"footnotes":""},"categories":[1],"tags":[],"class_list":["post-4348","post","type-post","status-publish","format-standard","hentry","category-aktuellt"],"_links":{"self":[{"href":"https:\/\/sundalsryr.se\/index.php?rest_route=\/wp\/v2\/posts\/4348"}],"collection":[{"href":"https:\/\/sundalsryr.se\/index.php?rest_route=\/wp\/v2\/posts"}],"about":[{"href":"https:\/\/sundalsryr.se\/index.php?rest_route=\/wp\/v2\/types\/post"}],"author":[{"embeddable":true,"href":"https:\/\/sundalsryr.se\/index.php?rest_route=\/wp\/v2\/users\/3"}],"replies":[{"embeddable":true,"href":"https:\/\/sundalsryr.se\/index.php?rest_route=%2Fwp%2Fv2%2Fcomments&post=4348"}],"version-history":[{"count":1,"href":"https:\/\/sundalsryr.se\/index.php?rest_route=\/wp\/v2\/posts\/4348\/revisions"}],"predecessor-version":[{"id":4350,"href":"https:\/\/sundalsryr.se\/index.php?rest_route=\/wp\/v2\/posts\/4348\/revisions\/4350"}],"wp:attachment":[{"href":"https:\/\/sundalsryr.se\/index.php?rest_route=%2Fwp%2Fv2%2Fmedia&parent=4348"}],"wp:term":[{"taxonomy":"category","embeddable":true,"href":"https:\/\/sundalsryr.se\/index.php?rest_route=%2Fwp%2Fv2%2Fcategories&post=4348"},{"taxonomy":"post_tag","embeddable":true,"href":"https:\/\/sundalsryr.se\/index.php?rest_route=%2Fwp%2Fv2%2Ftags&post=4348"}],"curies":[{"name":"wp","href":"https:\/\/api.w.org\/{rel}","templated":true}]}}