{"id":4584,"date":"2019-07-30T19:31:11","date_gmt":"2019-07-30T19:31:11","guid":{"rendered":"http:\/\/sundalsryr.se\/?p=4584"},"modified":"2019-07-30T19:31:11","modified_gmt":"2019-07-30T19:31:11","slug":"flygtur-over-bygden","status":"publish","type":"post","link":"https:\/\/sundalsryr.se\/?p=4584","title":{"rendered":"Flygtur \u00f6ver bygden"},"content":{"rendered":"<p style=\"font-weight: 400;\"><a href=\"http:\/\/sundalsryr.se\/wp-content\/uploads\/2019\/07\/67829817_452724065570336_285326986849550336_n.jpg\"><img loading=\"lazy\" decoding=\"async\" class=\"aligncenter  wp-image-4585\" src=\"http:\/\/sundalsryr.se\/wp-content\/uploads\/2019\/07\/67829817_452724065570336_285326986849550336_n-1024x768.jpg\" alt=\"\" width=\"745\" height=\"559\" srcset=\"https:\/\/sundalsryr.se\/wp-content\/uploads\/2019\/07\/67829817_452724065570336_285326986849550336_n-1024x768.jpg 1024w, https:\/\/sundalsryr.se\/wp-content\/uploads\/2019\/07\/67829817_452724065570336_285326986849550336_n-300x225.jpg 300w, https:\/\/sundalsryr.se\/wp-content\/uploads\/2019\/07\/67829817_452724065570336_285326986849550336_n-768x576.jpg 768w, https:\/\/sundalsryr.se\/wp-content\/uploads\/2019\/07\/67829817_452724065570336_285326986849550336_n.jpg 2048w\" sizes=\"(max-width: 745px) 100vw, 745px\" \/><\/a><\/p>\n<p>V\u00e4dergudarna var p\u00e5 sitt allra b\u00e4sta hum\u00f6r n\u00e4r byalaget, tillsammans med Helinord, en kv\u00e4ll i mitten av juli bj\u00f6d in till helikoptertur \u00f6ver bygden. K\u00f6n ringlade sig l\u00e5ng vid g\u00e4rdet i Torgg\u00e4rderud i v\u00e4ntan p\u00e5 att helikoptern skulle anl\u00e4nda och n\u00e4rmare 100 personer hade kommit f\u00f6r att fr\u00e5n luften f\u00e5 se v\u00e5r vackra bygd. St\u00e4mningen var god och det blev en trevlig kv\u00e4ll. Vi hoppas att alla var n\u00f6jda med sina turer och att de som ville fick fina foton!<\/p>\n<p><a href=\"http:\/\/sundalsryr.se\/wp-content\/uploads\/2019\/07\/66822835_2073143026321558_2478034776460623872_n.jpg\"><img loading=\"lazy\" decoding=\"async\" class=\"aligncenter  wp-image-4586\" src=\"http:\/\/sundalsryr.se\/wp-content\/uploads\/2019\/07\/66822835_2073143026321558_2478034776460623872_n-1024x768.jpg\" alt=\"\" width=\"736\" height=\"552\" srcset=\"https:\/\/sundalsryr.se\/wp-content\/uploads\/2019\/07\/66822835_2073143026321558_2478034776460623872_n-1024x768.jpg 1024w, https:\/\/sundalsryr.se\/wp-content\/uploads\/2019\/07\/66822835_2073143026321558_2478034776460623872_n-300x225.jpg 300w, https:\/\/sundalsryr.se\/wp-content\/uploads\/2019\/07\/66822835_2073143026321558_2478034776460623872_n-768x576.jpg 768w, https:\/\/sundalsryr.se\/wp-content\/uploads\/2019\/07\/66822835_2073143026321558_2478034776460623872_n.jpg 2048w\" sizes=\"(max-width: 736px) 100vw, 736px\" \/><\/a><\/p>\n<p style=\"font-weight: 400;\"><a href=\"http:\/\/sundalsryr.se\/wp-content\/uploads\/2019\/07\/67509017_501988980548615_1237172858690469888_n.jpg\"><img loading=\"lazy\" decoding=\"async\" class=\"aligncenter  wp-image-4587\" src=\"http:\/\/sundalsryr.se\/wp-content\/uploads\/2019\/07\/67509017_501988980548615_1237172858690469888_n-1024x768.jpg\" alt=\"\" width=\"749\" height=\"562\" srcset=\"https:\/\/sundalsryr.se\/wp-content\/uploads\/2019\/07\/67509017_501988980548615_1237172858690469888_n-1024x768.jpg 1024w, https:\/\/sundalsryr.se\/wp-content\/uploads\/2019\/07\/67509017_501988980548615_1237172858690469888_n-300x225.jpg 300w, https:\/\/sundalsryr.se\/wp-content\/uploads\/2019\/07\/67509017_501988980548615_1237172858690469888_n-768x576.jpg 768w, https:\/\/sundalsryr.se\/wp-content\/uploads\/2019\/07\/67509017_501988980548615_1237172858690469888_n.jpg 2048w\" sizes=\"(max-width: 749px) 100vw, 749px\" \/><\/a><\/p>\n<p>&nbsp;<\/p>\n<p style=\"font-weight: 400;\">\n<p style=\"font-weight: 400;\">\/Louise Karlsson<\/p>\n","protected":false},"excerpt":{"rendered":"<p>V\u00e4dergudarna var p\u00e5 sitt allra b\u00e4sta hum\u00f6r n\u00e4r byalaget, tillsammans med Helinord, en kv\u00e4ll i mitten av juli bj\u00f6d in till helikoptertur \u00f6ver bygden. K\u00f6n ringlade sig l\u00e5ng vid g\u00e4rdet i Torgg\u00e4rderud i v\u00e4ntan p\u00e5 att helikoptern skulle anl\u00e4nda och n\u00e4rmare 100 personer hade kommit f\u00f6r att fr\u00e5n luften f\u00e5 se v\u00e5r vackra bygd. St\u00e4mningen&#8230;<\/p>\n","protected":false},"author":3,"featured_media":0,"comment_status":"open","ping_status":"open","sticky":false,"template":"","format":"standard","meta":{"_monsterinsights_skip_tracking":false,"_monsterinsights_sitenote_active":false,"_monsterinsights_sitenote_note":"","_monsterinsights_sitenote_category":0,"footnotes":""},"categories":[1],"tags":[],"class_list":["post-4584","post","type-post","status-publish","format-standard","hentry","category-aktuellt"],"_links":{"self":[{"href":"https:\/\/sundalsryr.se\/index.php?rest_route=\/wp\/v2\/posts\/4584"}],"collection":[{"href":"https:\/\/sundalsryr.se\/index.php?rest_route=\/wp\/v2\/posts"}],"about":[{"href":"https:\/\/sundalsryr.se\/index.php?rest_route=\/wp\/v2\/types\/post"}],"author":[{"embeddable":true,"href":"https:\/\/sundalsryr.se\/index.php?rest_route=\/wp\/v2\/users\/3"}],"replies":[{"embeddable":true,"href":"https:\/\/sundalsryr.se\/index.php?rest_route=%2Fwp%2Fv2%2Fcomments&post=4584"}],"version-history":[{"count":1,"href":"https:\/\/sundalsryr.se\/index.php?rest_route=\/wp\/v2\/posts\/4584\/revisions"}],"predecessor-version":[{"id":4588,"href":"https:\/\/sundalsryr.se\/index.php?rest_route=\/wp\/v2\/posts\/4584\/revisions\/4588"}],"wp:attachment":[{"href":"https:\/\/sundalsryr.se\/index.php?rest_route=%2Fwp%2Fv2%2Fmedia&parent=4584"}],"wp:term":[{"taxonomy":"category","embeddable":true,"href":"https:\/\/sundalsryr.se\/index.php?rest_route=%2Fwp%2Fv2%2Fcategories&post=4584"},{"taxonomy":"post_tag","embeddable":true,"href":"https:\/\/sundalsryr.se\/index.php?rest_route=%2Fwp%2Fv2%2Ftags&post=4584"}],"curies":[{"name":"wp","href":"https:\/\/api.w.org\/{rel}","templated":true}]}}