{"id":4646,"date":"2019-11-01T19:01:22","date_gmt":"2019-11-01T19:01:22","guid":{"rendered":"http:\/\/sundalsryr.se\/?p=4646"},"modified":"2019-11-01T19:01:22","modified_gmt":"2019-11-01T19:01:22","slug":"allahelgona","status":"publish","type":"post","link":"https:\/\/sundalsryr.se\/?p=4646","title":{"rendered":"Allahelgona"},"content":{"rendered":"<p><a href=\"http:\/\/sundalsryr.se\/wp-content\/uploads\/2019\/11\/DSC_1299.jpg\"><img loading=\"lazy\" decoding=\"async\" class=\"aligncenter  wp-image-4649\" src=\"http:\/\/sundalsryr.se\/wp-content\/uploads\/2019\/11\/DSC_1299.jpg\" alt=\"\" width=\"688\" height=\"387\" srcset=\"https:\/\/sundalsryr.se\/wp-content\/uploads\/2019\/11\/DSC_1299.jpg 5504w, https:\/\/sundalsryr.se\/wp-content\/uploads\/2019\/11\/DSC_1299-300x169.jpg 300w, https:\/\/sundalsryr.se\/wp-content\/uploads\/2019\/11\/DSC_1299-768x432.jpg 768w, https:\/\/sundalsryr.se\/wp-content\/uploads\/2019\/11\/DSC_1299-1024x576.jpg 1024w\" sizes=\"(max-width: 688px) 100vw, 688px\" \/><\/a><\/p>\n<p>H\u00f6stm\u00f6rkret omfamnar oss och tiden saktar in.<\/p>\n<p>Kv\u00e4llarna blir l\u00e4ngre och sommarens alla m\u00e5sten blir f\u00e4rre.<\/p>\n<p>Vi f\u00e5r tid f\u00f6r eftertanke och stillhet.<\/p>\n<p>Tid att reflektera, t\u00e4nka och begrunda.<\/p>\n<p>&nbsp;<\/p>\n<p>Tiden som g\u00e5tt f\u00e5r vi inte tillbaka.<\/p>\n<p>Allt \u00e4r f\u00f6rg\u00e4ngligt, inget varar f\u00f6r evigt.<\/p>\n<p>Men vi vill spara minnen och hedra de vi \u00e4lskat.<\/p>\n<p>&nbsp;<\/p>\n<p>Vi firar allahelgona och t\u00e4nker p\u00e5 n\u00e4ra och k\u00e4ra som inte l\u00e4ngre finns med oss.<\/p>\n<p>Vi l\u00e4gger krans av gran och t\u00e4nder ljus f\u00f6r de vi saknar.<\/p>\n<p>T\u00e4nker att de som finns i minnet inte \u00e4r borta, s\u00e5 l\u00e4nge vi minns dem.<\/p>\n<p>&nbsp;<\/p>\n<p>P\u00e5 v\u00e5ra kyrkog\u00e5rdar glimmar ljus n\u00e4r m\u00f6rkret faller.<\/p>\n<p>I v\u00e5ra tankar minns vi b\u00e4st n\u00e4r tiden saktar in.<\/p>\n<p>&nbsp;<\/p>\n<p>M\u00f6rkret faller&#8230;.. och tiden saktar in&#8230;.<\/p>\n<p>&nbsp;<\/p>\n<p>.<\/p>\n","protected":false},"excerpt":{"rendered":"<p>H\u00f6stm\u00f6rkret omfamnar oss och tiden saktar in. Kv\u00e4llarna blir l\u00e4ngre och sommarens alla m\u00e5sten blir f\u00e4rre. Vi f\u00e5r tid f\u00f6r eftertanke och stillhet. Tid att reflektera, t\u00e4nka och begrunda. &nbsp; Tiden som g\u00e5tt f\u00e5r vi inte tillbaka. Allt \u00e4r f\u00f6rg\u00e4ngligt, inget varar f\u00f6r evigt. Men vi vill spara minnen och hedra de vi \u00e4lskat. &nbsp;&#8230;<\/p>\n","protected":false},"author":3,"featured_media":0,"comment_status":"open","ping_status":"open","sticky":false,"template":"","format":"standard","meta":{"_monsterinsights_skip_tracking":false,"_monsterinsights_sitenote_active":false,"_monsterinsights_sitenote_note":"","_monsterinsights_sitenote_category":0,"footnotes":""},"categories":[1],"tags":[],"class_list":["post-4646","post","type-post","status-publish","format-standard","hentry","category-aktuellt"],"_links":{"self":[{"href":"https:\/\/sundalsryr.se\/index.php?rest_route=\/wp\/v2\/posts\/4646"}],"collection":[{"href":"https:\/\/sundalsryr.se\/index.php?rest_route=\/wp\/v2\/posts"}],"about":[{"href":"https:\/\/sundalsryr.se\/index.php?rest_route=\/wp\/v2\/types\/post"}],"author":[{"embeddable":true,"href":"https:\/\/sundalsryr.se\/index.php?rest_route=\/wp\/v2\/users\/3"}],"replies":[{"embeddable":true,"href":"https:\/\/sundalsryr.se\/index.php?rest_route=%2Fwp%2Fv2%2Fcomments&post=4646"}],"version-history":[{"count":1,"href":"https:\/\/sundalsryr.se\/index.php?rest_route=\/wp\/v2\/posts\/4646\/revisions"}],"predecessor-version":[{"id":4650,"href":"https:\/\/sundalsryr.se\/index.php?rest_route=\/wp\/v2\/posts\/4646\/revisions\/4650"}],"wp:attachment":[{"href":"https:\/\/sundalsryr.se\/index.php?rest_route=%2Fwp%2Fv2%2Fmedia&parent=4646"}],"wp:term":[{"taxonomy":"category","embeddable":true,"href":"https:\/\/sundalsryr.se\/index.php?rest_route=%2Fwp%2Fv2%2Fcategories&post=4646"},{"taxonomy":"post_tag","embeddable":true,"href":"https:\/\/sundalsryr.se\/index.php?rest_route=%2Fwp%2Fv2%2Ftags&post=4646"}],"curies":[{"name":"wp","href":"https:\/\/api.w.org\/{rel}","templated":true}]}}