{"id":4651,"date":"2019-11-04T15:26:24","date_gmt":"2019-11-04T15:26:24","guid":{"rendered":"http:\/\/sundalsryr.se\/?p=4651"},"modified":"2019-11-04T15:27:01","modified_gmt":"2019-11-04T15:27:01","slug":"fel-i-faktureringen","status":"publish","type":"post","link":"https:\/\/sundalsryr.se\/?p=4651","title":{"rendered":"Fel i faktureringen"},"content":{"rendered":"<p>Vatten och fiberf\u00f6reningen meddelar att det \u00e4nnu en g\u00e5ng tyv\u00e4rr blivit fel i faktureringen. Det g\u00e4ller de kunder som har beg\u00e4rt att f\u00e5 faktura en g\u00e5ng \/m\u00e5nad, de har ist\u00e4llet f\u00e5tt en faktura f\u00f6r tv\u00e5 m\u00e5nader. Summan som st\u00e5r p\u00e5 fakturan \u00e4r riktig men g\u00e4ller allts\u00e5 f\u00f6r tv\u00e5 m\u00e5nader och \u00e4r d\u00e4rf\u00f6r dubbelt s\u00e5 stor som den brukar vara. Kunder som har kvartalsbetalning \u00e4r inte ber\u00f6rda.<\/p>\n<p>Det \u201dFiberekonomi\u201d i Bor\u00e5s som sk\u00f6ter faktureringen. Vi har p\u00e5pekat att det blivit fel och hoppas att det inte upprepas.<\/p>\n<p>&nbsp;<\/p>\n<p>.<\/p>\n","protected":false},"excerpt":{"rendered":"<p>Vatten och fiberf\u00f6reningen meddelar att det \u00e4nnu en g\u00e5ng tyv\u00e4rr blivit fel i faktureringen. Det g\u00e4ller de kunder som har beg\u00e4rt att f\u00e5 faktura en g\u00e5ng \/m\u00e5nad, de har ist\u00e4llet f\u00e5tt en faktura f\u00f6r tv\u00e5 m\u00e5nader. Summan som st\u00e5r p\u00e5 fakturan \u00e4r riktig men g\u00e4ller allts\u00e5 f\u00f6r tv\u00e5 m\u00e5nader och \u00e4r d\u00e4rf\u00f6r dubbelt s\u00e5 stor&#8230;<\/p>\n","protected":false},"author":3,"featured_media":0,"comment_status":"open","ping_status":"open","sticky":false,"template":"","format":"standard","meta":{"_monsterinsights_skip_tracking":false,"_monsterinsights_sitenote_active":false,"_monsterinsights_sitenote_note":"","_monsterinsights_sitenote_category":0,"footnotes":""},"categories":[1,6],"tags":[],"class_list":["post-4651","post","type-post","status-publish","format-standard","hentry","category-aktuellt","category-fiber"],"_links":{"self":[{"href":"https:\/\/sundalsryr.se\/index.php?rest_route=\/wp\/v2\/posts\/4651"}],"collection":[{"href":"https:\/\/sundalsryr.se\/index.php?rest_route=\/wp\/v2\/posts"}],"about":[{"href":"https:\/\/sundalsryr.se\/index.php?rest_route=\/wp\/v2\/types\/post"}],"author":[{"embeddable":true,"href":"https:\/\/sundalsryr.se\/index.php?rest_route=\/wp\/v2\/users\/3"}],"replies":[{"embeddable":true,"href":"https:\/\/sundalsryr.se\/index.php?rest_route=%2Fwp%2Fv2%2Fcomments&post=4651"}],"version-history":[{"count":1,"href":"https:\/\/sundalsryr.se\/index.php?rest_route=\/wp\/v2\/posts\/4651\/revisions"}],"predecessor-version":[{"id":4652,"href":"https:\/\/sundalsryr.se\/index.php?rest_route=\/wp\/v2\/posts\/4651\/revisions\/4652"}],"wp:attachment":[{"href":"https:\/\/sundalsryr.se\/index.php?rest_route=%2Fwp%2Fv2%2Fmedia&parent=4651"}],"wp:term":[{"taxonomy":"category","embeddable":true,"href":"https:\/\/sundalsryr.se\/index.php?rest_route=%2Fwp%2Fv2%2Fcategories&post=4651"},{"taxonomy":"post_tag","embeddable":true,"href":"https:\/\/sundalsryr.se\/index.php?rest_route=%2Fwp%2Fv2%2Ftags&post=4651"}],"curies":[{"name":"wp","href":"https:\/\/api.w.org\/{rel}","templated":true}]}}