{"id":4660,"date":"2019-11-18T16:07:12","date_gmt":"2019-11-18T16:07:12","guid":{"rendered":"http:\/\/sundalsryr.se\/?p=4660"},"modified":"2019-11-18T16:07:12","modified_gmt":"2019-11-18T16:07:12","slug":"julmarknad","status":"publish","type":"post","link":"https:\/\/sundalsryr.se\/?p=4660","title":{"rendered":"Julmarknad"},"content":{"rendered":"<h3><\/h3>\n<p><a href=\"http:\/\/sundalsryr.se\/wp-content\/uploads\/2019\/11\/evenstorp.jpg\"><img loading=\"lazy\" decoding=\"async\" class=\"aligncenter size-full wp-image-4661\" src=\"http:\/\/sundalsryr.se\/wp-content\/uploads\/2019\/11\/evenstorp.jpg\" alt=\"\" width=\"296\" height=\"81\" \/><\/a><\/p>\n<h3><\/h3>\n<h3 class=\"c-typography__heading c-typography__heading--upper\" style=\"text-align: center;\">\u2014 P\u00c5 G\u00c5NG \u2014<\/h3>\n<p class=\"c-typography__preamble c-typography__preamble--small-margin c-typography__preamble--hand-writing c-typography__preamble--tea-rose\" style=\"text-align: center;\">Detta h\u00e4nder p\u00e5 Evenstorps g\u00e5rd<\/p>\n<p style=\"text-align: center;\">\n<p style=\"text-align: center;\"><em>G\u00e5rdsbutiken har \u00f6ppet l\u00f6rdagar 11-14 fram till jul.<\/em><\/p>\n<p style=\"text-align: center;\"><em><strong>Endast v\u00e5fflor &amp; sm\u00f6rg\u00e5sar p\u00e5 menyn.<\/strong><\/em><\/p>\n<h2 style=\"text-align: center;\"><strong>Jul p\u00e5 Evenstorp 22-24 november kl 11-18<\/strong><\/h2>\n<p style=\"text-align: center;\">Kom i julst\u00e4mning hos oss p\u00e5 landet och hitta det lilla extra till julbordet och fina julpresenter s\u00e5klart!<\/p>\n<ul style=\"text-align: center;\">\n<li>Gulaschsoppa och hamburgare av g\u00e5rdens k\u00f6tt p\u00e5 menyn (veg. alternativ finns)<\/li>\n<li>Vi bjuder p\u00e5 gl\u00f6gg &amp; pepparkaka<\/li>\n<li>Julmusik och julst\u00e4mning r\u00e5der \u00f6ver hela g\u00e5rden<\/li>\n<li>Ponnyridning l\u00f6rdag &amp; s\u00f6ndag 12-14<\/li>\n<li>Tr\u00e4ffa tomten i ladug\u00e5rden<\/li>\n<li>Tipspromenad f\u00f6r de minsta<\/li>\n<\/ul>\n<p style=\"text-align: center;\"><em>Varmt v\u00e4lkomna \u00f6nskar Sofia och Kicki med personal<\/em><\/p>\n<p style=\"text-align: center;\">\n<p style=\"text-align: center;\"><strong>St\u00e4ng l\u00f6rdagen den 7 december d\u00e5 ni f\u00e5r tr\u00e4ffa oss p\u00e5 Br\u00e5landa Tomtet\u00e5g!<\/strong><\/p>\n<p>&nbsp;<\/p>\n<p>.<\/p>\n<p>&nbsp;<\/p>\n<p>&nbsp;<\/p>\n<p>&nbsp;<\/p>\n","protected":false},"excerpt":{"rendered":"<p>\u2014 P\u00c5 G\u00c5NG \u2014 Detta h\u00e4nder p\u00e5 Evenstorps g\u00e5rd G\u00e5rdsbutiken har \u00f6ppet l\u00f6rdagar 11-14 fram till jul. Endast v\u00e5fflor &amp; sm\u00f6rg\u00e5sar p\u00e5 menyn. Jul p\u00e5 Evenstorp 22-24 november kl 11-18 Kom i julst\u00e4mning hos oss p\u00e5 landet och hitta det lilla extra till julbordet och fina julpresenter s\u00e5klart! Gulaschsoppa och hamburgare av g\u00e5rdens k\u00f6tt p\u00e5&#8230;<\/p>\n","protected":false},"author":3,"featured_media":0,"comment_status":"open","ping_status":"open","sticky":false,"template":"","format":"standard","meta":{"_monsterinsights_skip_tracking":false,"_monsterinsights_sitenote_active":false,"_monsterinsights_sitenote_note":"","_monsterinsights_sitenote_category":0,"footnotes":""},"categories":[1],"tags":[],"class_list":["post-4660","post","type-post","status-publish","format-standard","hentry","category-aktuellt"],"_links":{"self":[{"href":"https:\/\/sundalsryr.se\/index.php?rest_route=\/wp\/v2\/posts\/4660"}],"collection":[{"href":"https:\/\/sundalsryr.se\/index.php?rest_route=\/wp\/v2\/posts"}],"about":[{"href":"https:\/\/sundalsryr.se\/index.php?rest_route=\/wp\/v2\/types\/post"}],"author":[{"embeddable":true,"href":"https:\/\/sundalsryr.se\/index.php?rest_route=\/wp\/v2\/users\/3"}],"replies":[{"embeddable":true,"href":"https:\/\/sundalsryr.se\/index.php?rest_route=%2Fwp%2Fv2%2Fcomments&post=4660"}],"version-history":[{"count":1,"href":"https:\/\/sundalsryr.se\/index.php?rest_route=\/wp\/v2\/posts\/4660\/revisions"}],"predecessor-version":[{"id":4662,"href":"https:\/\/sundalsryr.se\/index.php?rest_route=\/wp\/v2\/posts\/4660\/revisions\/4662"}],"wp:attachment":[{"href":"https:\/\/sundalsryr.se\/index.php?rest_route=%2Fwp%2Fv2%2Fmedia&parent=4660"}],"wp:term":[{"taxonomy":"category","embeddable":true,"href":"https:\/\/sundalsryr.se\/index.php?rest_route=%2Fwp%2Fv2%2Fcategories&post=4660"},{"taxonomy":"post_tag","embeddable":true,"href":"https:\/\/sundalsryr.se\/index.php?rest_route=%2Fwp%2Fv2%2Ftags&post=4660"}],"curies":[{"name":"wp","href":"https:\/\/api.w.org\/{rel}","templated":true}]}}