{"id":4760,"date":"2020-03-19T16:51:53","date_gmt":"2020-03-19T16:51:53","guid":{"rendered":"http:\/\/sundalsryr.se\/?p=4760"},"modified":"2020-03-19T16:52:11","modified_gmt":"2020-03-19T16:52:11","slug":"4760","status":"publish","type":"post","link":"https:\/\/sundalsryr.se\/?p=4760","title":{"rendered":"Inst\u00e4lld lunch"},"content":{"rendered":"<p><strong>Tyv\u00e4rr m\u00e5ste vi meddela att n\u00e4sta veckas torsdagslunch (den 26\/3) \u00e4r inst\u00e4lld.<\/strong> Vi vet att dessa luncher \u00e4r uppskattade och att det just nu kanske \u00e4r viktigare \u00e4n n\u00e5gonsin att f\u00e5 tr\u00e4ffas och prata, s\u00e5 det var inget l\u00e4tt beslut att ta.<\/p>\n<p>Samtidigt vill vi v\u00e4rna om v\u00e5ra \u00e4lskade lunchg\u00e4ster, det vore hemskt om n\u00e5gon blev smittad p\u00e5 torsdagslunchen. Dessutom har vi problemet att vi inte har en aning om hur m\u00e5nga som kan t\u00e4nkas komma i dessa coronatider. Planerar vi f\u00f6r 45 kanske det kommer 10\u2026<\/p>\n<p>Vi hoppas kunna \u00e5terkomma med fler luncher till h\u00f6sten, men \u00e4n \u00e4r inget best\u00e4mt. Till dess \u00f6nskar vi i matlagarg\u00e4nget att ni alla tar hand om er och att ni h\u00e5ller er friska.<a href=\"http:\/\/sundalsryr.se\/wp-content\/uploads\/2020\/03\/hjarta-stort-rott.jpeg\"><img loading=\"lazy\" decoding=\"async\" class=\"aligncenter wp-image-4761\" src=\"http:\/\/sundalsryr.se\/wp-content\/uploads\/2020\/03\/hjarta-stort-rott.jpeg\" alt=\"\" width=\"360\" height=\"360\" srcset=\"https:\/\/sundalsryr.se\/wp-content\/uploads\/2020\/03\/hjarta-stort-rott.jpeg 407w, https:\/\/sundalsryr.se\/wp-content\/uploads\/2020\/03\/hjarta-stort-rott-150x150.jpeg 150w, https:\/\/sundalsryr.se\/wp-content\/uploads\/2020\/03\/hjarta-stort-rott-300x300.jpeg 300w\" sizes=\"(max-width: 360px) 100vw, 360px\" \/><\/a><\/p>\n","protected":false},"excerpt":{"rendered":"<p>Tyv\u00e4rr m\u00e5ste vi meddela att n\u00e4sta veckas torsdagslunch (den 26\/3) \u00e4r inst\u00e4lld. Vi vet att dessa luncher \u00e4r uppskattade och att det just nu kanske \u00e4r viktigare \u00e4n n\u00e5gonsin att f\u00e5 tr\u00e4ffas och prata, s\u00e5 det var inget l\u00e4tt beslut att ta. Samtidigt vill vi v\u00e4rna om v\u00e5ra \u00e4lskade lunchg\u00e4ster, det vore hemskt om n\u00e5gon&#8230;<\/p>\n","protected":false},"author":3,"featured_media":0,"comment_status":"open","ping_status":"open","sticky":false,"template":"","format":"standard","meta":{"_monsterinsights_skip_tracking":false,"_monsterinsights_sitenote_active":false,"_monsterinsights_sitenote_note":"","_monsterinsights_sitenote_category":0,"footnotes":""},"categories":[1],"tags":[],"class_list":["post-4760","post","type-post","status-publish","format-standard","hentry","category-aktuellt"],"_links":{"self":[{"href":"https:\/\/sundalsryr.se\/index.php?rest_route=\/wp\/v2\/posts\/4760"}],"collection":[{"href":"https:\/\/sundalsryr.se\/index.php?rest_route=\/wp\/v2\/posts"}],"about":[{"href":"https:\/\/sundalsryr.se\/index.php?rest_route=\/wp\/v2\/types\/post"}],"author":[{"embeddable":true,"href":"https:\/\/sundalsryr.se\/index.php?rest_route=\/wp\/v2\/users\/3"}],"replies":[{"embeddable":true,"href":"https:\/\/sundalsryr.se\/index.php?rest_route=%2Fwp%2Fv2%2Fcomments&post=4760"}],"version-history":[{"count":2,"href":"https:\/\/sundalsryr.se\/index.php?rest_route=\/wp\/v2\/posts\/4760\/revisions"}],"predecessor-version":[{"id":4763,"href":"https:\/\/sundalsryr.se\/index.php?rest_route=\/wp\/v2\/posts\/4760\/revisions\/4763"}],"wp:attachment":[{"href":"https:\/\/sundalsryr.se\/index.php?rest_route=%2Fwp%2Fv2%2Fmedia&parent=4760"}],"wp:term":[{"taxonomy":"category","embeddable":true,"href":"https:\/\/sundalsryr.se\/index.php?rest_route=%2Fwp%2Fv2%2Fcategories&post=4760"},{"taxonomy":"post_tag","embeddable":true,"href":"https:\/\/sundalsryr.se\/index.php?rest_route=%2Fwp%2Fv2%2Ftags&post=4760"}],"curies":[{"name":"wp","href":"https:\/\/api.w.org\/{rel}","templated":true}]}}