{"id":535,"date":"2011-05-23T19:11:14","date_gmt":"2011-05-23T19:11:14","guid":{"rendered":"http:\/\/sundalsryr.se\/?p=535"},"modified":"2011-05-23T19:11:14","modified_gmt":"2011-05-23T19:11:14","slug":"arbetsdag-i-bygden-2","status":"publish","type":"post","link":"https:\/\/sundalsryr.se\/?p=535","title":{"rendered":"Arbetsdag i bygden"},"content":{"rendered":"<p><a href=\"http:\/\/sundalsryr.se\/wp-content\/uploads\/2011\/05\/arbetsdag-i-bygden.jpg\"><img loading=\"lazy\" decoding=\"async\" class=\"alignleft size-medium wp-image-536\" title=\"arbetsdag i bygden\" src=\"http:\/\/sundalsryr.se\/wp-content\/uploads\/2011\/05\/arbetsdag-i-bygden-300x225.jpg\" alt=\"\" width=\"300\" height=\"225\" srcset=\"https:\/\/sundalsryr.se\/wp-content\/uploads\/2011\/05\/arbetsdag-i-bygden-300x225.jpg 300w, https:\/\/sundalsryr.se\/wp-content\/uploads\/2011\/05\/arbetsdag-i-bygden-1024x768.jpg 1024w\" sizes=\"(max-width: 300px) 100vw, 300px\" \/><\/a>I l\u00f6rdags (24 maj) var vi n\u00e5gra arbetsflitiga som tr\u00e4ffades f\u00f6r att gemensamt g\u00f6ra en kraftansamlig p\u00e5 aktivitetsleden. Vi r\u00f6jde leden vid N\u00e4set-Evenstorp och snitslade den str\u00e4ckan. Vi s\u00e5dde gr\u00e4s vid Bollungsn\u00e4s och snitslade \u00e4ven en del av den str\u00e4ckan. Vi avslutade f\u00f6rmiddagen med en mycket god sopplunch i f\u00f6rsamlingshemmet. Gl\u00f6m inte att boka l\u00f6rdagen den 27 augusti d\u00e5 vi skall ha en stor invigning av allt detta arbete med aktivitetsleden.<\/p>\n","protected":false},"excerpt":{"rendered":"<p>I l\u00f6rdags (24 maj) var vi n\u00e5gra arbetsflitiga som tr\u00e4ffades f\u00f6r att gemensamt g\u00f6ra en kraftansamlig p\u00e5 aktivitetsleden. Vi r\u00f6jde leden vid N\u00e4set-Evenstorp och snitslade den str\u00e4ckan. Vi s\u00e5dde gr\u00e4s vid Bollungsn\u00e4s och snitslade \u00e4ven en del av den str\u00e4ckan. Vi avslutade f\u00f6rmiddagen med en mycket god sopplunch i f\u00f6rsamlingshemmet. Gl\u00f6m inte att boka l\u00f6rdagen&#8230;<\/p>\n","protected":false},"author":2,"featured_media":0,"comment_status":"open","ping_status":"open","sticky":false,"template":"","format":"standard","meta":{"_monsterinsights_skip_tracking":false,"_monsterinsights_sitenote_active":false,"_monsterinsights_sitenote_note":"","_monsterinsights_sitenote_category":0,"footnotes":""},"categories":[1,7],"tags":[],"class_list":["post-535","post","type-post","status-publish","format-standard","hentry","category-aktuellt","category-leaderprojektet"],"_links":{"self":[{"href":"https:\/\/sundalsryr.se\/index.php?rest_route=\/wp\/v2\/posts\/535"}],"collection":[{"href":"https:\/\/sundalsryr.se\/index.php?rest_route=\/wp\/v2\/posts"}],"about":[{"href":"https:\/\/sundalsryr.se\/index.php?rest_route=\/wp\/v2\/types\/post"}],"author":[{"embeddable":true,"href":"https:\/\/sundalsryr.se\/index.php?rest_route=\/wp\/v2\/users\/2"}],"replies":[{"embeddable":true,"href":"https:\/\/sundalsryr.se\/index.php?rest_route=%2Fwp%2Fv2%2Fcomments&post=535"}],"version-history":[{"count":2,"href":"https:\/\/sundalsryr.se\/index.php?rest_route=\/wp\/v2\/posts\/535\/revisions"}],"predecessor-version":[{"id":538,"href":"https:\/\/sundalsryr.se\/index.php?rest_route=\/wp\/v2\/posts\/535\/revisions\/538"}],"wp:attachment":[{"href":"https:\/\/sundalsryr.se\/index.php?rest_route=%2Fwp%2Fv2%2Fmedia&parent=535"}],"wp:term":[{"taxonomy":"category","embeddable":true,"href":"https:\/\/sundalsryr.se\/index.php?rest_route=%2Fwp%2Fv2%2Fcategories&post=535"},{"taxonomy":"post_tag","embeddable":true,"href":"https:\/\/sundalsryr.se\/index.php?rest_route=%2Fwp%2Fv2%2Ftags&post=535"}],"curies":[{"name":"wp","href":"https:\/\/api.w.org\/{rel}","templated":true}]}}