{"id":5412,"date":"2022-08-05T10:47:04","date_gmt":"2022-08-05T10:47:04","guid":{"rendered":"http:\/\/sundalsryr.se\/?p=5412"},"modified":"2022-08-09T17:35:00","modified_gmt":"2022-08-09T17:35:00","slug":"vi-har-fatt-ett-bokskap","status":"publish","type":"post","link":"https:\/\/sundalsryr.se\/?p=5412","title":{"rendered":"Vi har f\u00e5tt ett boksk\u00e5p !"},"content":{"rendered":"<p><a href=\"http:\/\/sundalsryr.se\/wp-content\/uploads\/2022\/08\/DSC_0188.jpg\"><img loading=\"lazy\" decoding=\"async\" class=\"aligncenter wp-image-5415\" src=\"http:\/\/sundalsryr.se\/wp-content\/uploads\/2022\/08\/DSC_0188-1024x768.jpg\" alt=\"\" width=\"462\" height=\"616\" \/><\/a><\/p>\n<p>I v\u00e5ras ans\u00f6kte byalaget om att f\u00e5 vara med p\u00e5 satsningen med boksk\u00e5p i Dalsland. Det \u00e4r f\u00f6reningen \u201dBokdagar i Dalsland\u201d som genom boksk\u00e5pen vill bidra till \u00f6kat l\u00e4sande. Vi fick snabbt svar att vi g\u00e4rna fick vara med och ha ett boksk\u00e5p i Sundals ryr och att v\u00e5rt sk\u00e5p blir det f\u00f6rsta i V\u00e4nersborgs kommun.<\/p>\n<p>Nu \u00e4r sk\u00e5pet tillverkat, med byalagets logga, och p\u00e5 plats vid Sundalsg\u00e5rden. Fredag den 4 augusti hade vi en liten miniinvigning och fyllde det f\u00f6r f\u00f6rsta g\u00e5ngen med b\u00f6cker. 35 stycket fick det plats. Totalt finns det nu 28 sk\u00e5p, ett i V\u00e4rmland och resten i Dalsland.<\/p>\n<p><a href=\"http:\/\/sundalsryr.se\/wp-content\/uploads\/2022\/08\/DSC_0189.jpg\"><img loading=\"lazy\" decoding=\"async\" class=\"aligncenter wp-image-5413\" src=\"http:\/\/sundalsryr.se\/wp-content\/uploads\/2022\/08\/DSC_0189-1024x768.jpg\" alt=\"\" width=\"434\" height=\"579\" \/><\/a><\/p>\n<p>Vem som helst kan n\u00e4r som helst \u201dl\u00e5na\u201d en bok. Man beh\u00f6ver inte l\u00e4mna tillbaka den om man inte vill. Man kan st\u00e4lla dit en annan bok, men det \u00e4r inget krav. Byalaget har f\u00e5tt ett par kassar med b\u00f6cker och vi fyller p\u00e5 om det beh\u00f6vs. Vi hoppas kunna ha ett varierat utbud med alla sorters b\u00f6cker s\u00e5 att alla kan hitta n\u00e5got som passar. Boksk\u00e5pet kommer finnas ute 1 maj till 1 oktober, kanske l\u00e4ngre om v\u00e4dret till\u00e5ter.<\/p>\n<p><a href=\"http:\/\/sundalsryr.se\/wp-content\/uploads\/2022\/08\/DSC_0183.jpg\"><img loading=\"lazy\" decoding=\"async\" class=\"aligncenter wp-image-5414\" src=\"http:\/\/sundalsryr.se\/wp-content\/uploads\/2022\/08\/DSC_0183-667x1024.jpg\" alt=\"\" width=\"389\" height=\"597\" srcset=\"https:\/\/sundalsryr.se\/wp-content\/uploads\/2022\/08\/DSC_0183-667x1024.jpg 667w, https:\/\/sundalsryr.se\/wp-content\/uploads\/2022\/08\/DSC_0183-195x300.jpg 195w, https:\/\/sundalsryr.se\/wp-content\/uploads\/2022\/08\/DSC_0183-768x1179.jpg 768w\" sizes=\"(max-width: 389px) 100vw, 389px\" \/><\/a><\/p>\n<p>Vi \u00e4r s\u00e5 tacksamma att \u00e4garna till Sundalsg\u00e5rden l\u00e5ter oss ha boksk\u00e5pet p\u00e5 \u201dgamla f\u00f6rsamlingshemmet\u201d. Det \u00e4r b\u00e5de l\u00e4ttillg\u00e4ngligt och centralt f\u00f6r m\u00e5nga som bor h\u00e4r.<\/p>\n<p style=\"text-align: center;\">S\u00e5 s\u00e4tt ig\u00e5ng och l\u00e5na och l\u00e4s.<\/p>\n<p style=\"text-align: center;\">Alla \u00e4r hj\u00e4rtligt v\u00e4lkomna.<\/p>\n<p>&nbsp;<\/p>\n<p>\/Susanne Borss\u00e9n<\/p>\n<p>&nbsp;<\/p>\n<p>.<\/p>\n","protected":false},"excerpt":{"rendered":"<p>I v\u00e5ras ans\u00f6kte byalaget om att f\u00e5 vara med p\u00e5 satsningen med boksk\u00e5p i Dalsland. Det \u00e4r f\u00f6reningen \u201dBokdagar i Dalsland\u201d som genom boksk\u00e5pen vill bidra till \u00f6kat l\u00e4sande. Vi fick snabbt svar att vi g\u00e4rna fick vara med och ha ett boksk\u00e5p i Sundals ryr och att v\u00e5rt sk\u00e5p blir det f\u00f6rsta i V\u00e4nersborgs&#8230;<\/p>\n","protected":false},"author":3,"featured_media":0,"comment_status":"open","ping_status":"open","sticky":false,"template":"","format":"standard","meta":{"_monsterinsights_skip_tracking":false,"_monsterinsights_sitenote_active":false,"_monsterinsights_sitenote_note":"","_monsterinsights_sitenote_category":0,"footnotes":""},"categories":[1,20],"tags":[],"class_list":["post-5412","post","type-post","status-publish","format-standard","hentry","category-aktuellt","category-forsamlingshemmet"],"_links":{"self":[{"href":"https:\/\/sundalsryr.se\/index.php?rest_route=\/wp\/v2\/posts\/5412"}],"collection":[{"href":"https:\/\/sundalsryr.se\/index.php?rest_route=\/wp\/v2\/posts"}],"about":[{"href":"https:\/\/sundalsryr.se\/index.php?rest_route=\/wp\/v2\/types\/post"}],"author":[{"embeddable":true,"href":"https:\/\/sundalsryr.se\/index.php?rest_route=\/wp\/v2\/users\/3"}],"replies":[{"embeddable":true,"href":"https:\/\/sundalsryr.se\/index.php?rest_route=%2Fwp%2Fv2%2Fcomments&post=5412"}],"version-history":[{"count":2,"href":"https:\/\/sundalsryr.se\/index.php?rest_route=\/wp\/v2\/posts\/5412\/revisions"}],"predecessor-version":[{"id":5420,"href":"https:\/\/sundalsryr.se\/index.php?rest_route=\/wp\/v2\/posts\/5412\/revisions\/5420"}],"wp:attachment":[{"href":"https:\/\/sundalsryr.se\/index.php?rest_route=%2Fwp%2Fv2%2Fmedia&parent=5412"}],"wp:term":[{"taxonomy":"category","embeddable":true,"href":"https:\/\/sundalsryr.se\/index.php?rest_route=%2Fwp%2Fv2%2Fcategories&post=5412"},{"taxonomy":"post_tag","embeddable":true,"href":"https:\/\/sundalsryr.se\/index.php?rest_route=%2Fwp%2Fv2%2Ftags&post=5412"}],"curies":[{"name":"wp","href":"https:\/\/api.w.org\/{rel}","templated":true}]}}