{"id":5429,"date":"2022-08-19T15:21:03","date_gmt":"2022-08-19T15:21:03","guid":{"rendered":"http:\/\/sundalsryr.se\/?p=5429"},"modified":"2022-08-19T15:21:03","modified_gmt":"2022-08-19T15:21:03","slug":"byabladet-ar-inlamnat-till-tryckeriet","status":"publish","type":"post","link":"https:\/\/sundalsryr.se\/?p=5429","title":{"rendered":"Byabladet \u00e4r inl\u00e4mnat till tryckeriet"},"content":{"rendered":"<p><a href=\"http:\/\/sundalsryr.se\/wp-content\/uploads\/2022\/08\/loggan.png\"><img loading=\"lazy\" decoding=\"async\" class=\"aligncenter  wp-image-5430\" src=\"http:\/\/sundalsryr.se\/wp-content\/uploads\/2022\/08\/loggan-1024x1000.png\" alt=\"\" width=\"253\" height=\"247\" srcset=\"https:\/\/sundalsryr.se\/wp-content\/uploads\/2022\/08\/loggan-1024x1000.png 1024w, https:\/\/sundalsryr.se\/wp-content\/uploads\/2022\/08\/loggan-300x293.png 300w, https:\/\/sundalsryr.se\/wp-content\/uploads\/2022\/08\/loggan-768x750.png 768w, https:\/\/sundalsryr.se\/wp-content\/uploads\/2022\/08\/loggan.png 1040w\" sizes=\"(max-width: 253px) 100vw, 253px\" \/><\/a><\/p>\n<p>&nbsp;<\/p>\n<p>Byabladet med h\u00f6stens program \u00e4r nu inl\u00e4mnat f\u00f6r tryckning och vi hoppas f\u00e5 ut det i alla brevl\u00e5dor under v 34.<\/p>\n<p>Den f\u00f6rsta aktiviteten \u00e4r en vandring. <strong>\u00a0<\/strong><strong>S\u00f6ndagen den 4 sept g\u00e5r vi runt sj\u00f6n Bollungen<\/strong>, ca 8 km. Samling vid parkeringen till badplatsen i norra \u00e4nden av sj\u00f6n kl 11. Man g\u00e5r s\u00e5 fort eller sakta man vill, det \u00e4r ingen guidning. Vi pausar i Paradiset, som \u00e4r halvv\u00e4gs och g\u00e5r att n\u00e5 med bil om man inte vill g\u00e5 hela str\u00e4ckan. Ta med egen fika.<\/p>\n<p>Vidare i programmet blir det torsdagsluncher, vinprovning, ljusst\u00f6pning, julpyssel och ber\u00e4ttarkv\u00e4ll mm. Vi hoppas det ska finnas n\u00e5got f\u00f6r alla. Som vanligt \u00e4r alla v\u00e4lkomna, man beh\u00f6ver inte bo i Sundals ryr och man beh\u00f6ver inte vara medlem i byalaget, \u00e4ven om vi f\u00f6rst\u00e5s \u00e4r tacksamma f\u00f6r alla som med medlemsavgiften vill st\u00f6tta v\u00e5rt arbete f\u00f6r gemenskap och trivsel i bygden.<\/p>\n<p>H\u00e5ll utkik i brevl\u00e5dan, p\u00e5 flera av aktiviteterna \u00e4r det begr\u00e4nsat deltagarantal s\u00e5 v\u00e4nta inte allt f\u00f6r l\u00e4nge med att anm\u00e4la er.<\/p>\n<p>&nbsp;<\/p>\n<p>.<\/p>\n","protected":false},"excerpt":{"rendered":"<p>&nbsp; Byabladet med h\u00f6stens program \u00e4r nu inl\u00e4mnat f\u00f6r tryckning och vi hoppas f\u00e5 ut det i alla brevl\u00e5dor under v 34. Den f\u00f6rsta aktiviteten \u00e4r en vandring. \u00a0S\u00f6ndagen den 4 sept g\u00e5r vi runt sj\u00f6n Bollungen, ca 8 km. Samling vid parkeringen till badplatsen i norra \u00e4nden av sj\u00f6n kl 11. Man g\u00e5r s\u00e5&#8230;<\/p>\n","protected":false},"author":3,"featured_media":0,"comment_status":"open","ping_status":"open","sticky":false,"template":"","format":"standard","meta":{"_monsterinsights_skip_tracking":false,"_monsterinsights_sitenote_active":false,"_monsterinsights_sitenote_note":"","_monsterinsights_sitenote_category":0,"footnotes":""},"categories":[1],"tags":[],"class_list":["post-5429","post","type-post","status-publish","format-standard","hentry","category-aktuellt"],"_links":{"self":[{"href":"https:\/\/sundalsryr.se\/index.php?rest_route=\/wp\/v2\/posts\/5429"}],"collection":[{"href":"https:\/\/sundalsryr.se\/index.php?rest_route=\/wp\/v2\/posts"}],"about":[{"href":"https:\/\/sundalsryr.se\/index.php?rest_route=\/wp\/v2\/types\/post"}],"author":[{"embeddable":true,"href":"https:\/\/sundalsryr.se\/index.php?rest_route=\/wp\/v2\/users\/3"}],"replies":[{"embeddable":true,"href":"https:\/\/sundalsryr.se\/index.php?rest_route=%2Fwp%2Fv2%2Fcomments&post=5429"}],"version-history":[{"count":1,"href":"https:\/\/sundalsryr.se\/index.php?rest_route=\/wp\/v2\/posts\/5429\/revisions"}],"predecessor-version":[{"id":5431,"href":"https:\/\/sundalsryr.se\/index.php?rest_route=\/wp\/v2\/posts\/5429\/revisions\/5431"}],"wp:attachment":[{"href":"https:\/\/sundalsryr.se\/index.php?rest_route=%2Fwp%2Fv2%2Fmedia&parent=5429"}],"wp:term":[{"taxonomy":"category","embeddable":true,"href":"https:\/\/sundalsryr.se\/index.php?rest_route=%2Fwp%2Fv2%2Fcategories&post=5429"},{"taxonomy":"post_tag","embeddable":true,"href":"https:\/\/sundalsryr.se\/index.php?rest_route=%2Fwp%2Fv2%2Ftags&post=5429"}],"curies":[{"name":"wp","href":"https:\/\/api.w.org\/{rel}","templated":true}]}}