{"id":551,"date":"2011-07-12T17:37:23","date_gmt":"2011-07-12T17:37:23","guid":{"rendered":"http:\/\/sundalsryr.se\/?p=551"},"modified":"2011-07-12T17:37:23","modified_gmt":"2011-07-12T17:37:23","slug":"fiberlaget","status":"publish","type":"post","link":"https:\/\/sundalsryr.se\/?p=551","title":{"rendered":"Fiberl\u00e4get"},"content":{"rendered":"<table border=\"1\" cellspacing=\"0\" cellpadding=\"0\">\n<tbody>\n<tr>\n<td width=\"284\" valign=\"top\"><strong>Juli 2011<\/strong><\/td>\n<td width=\"331\" valign=\"top\"><strong>Samf\u00e4llighetsf\u00f6reningen<\/strong><\/p>\n<p><strong>Sundals-Ryrs vatten och bredband<\/strong><strong><\/strong><\/td>\n<\/tr>\n<\/tbody>\n<\/table>\n<p>\u00a0Aktuellt l\u00e4ge f\u00f6r bredbandet<\/p>\n<p>I dagsl\u00e4get, 3 juli, \u00e4r h\u00e4lften av anslutningarna inbl\u00e5sta och kopplade i fastighet.\u00a0 De som \u00e5terst\u00e5r kommer att bli f\u00e4rdiga under juli m\u00e5nad.<!--more--><\/p>\n<p>Vi ber\u00e4knar att vara uppkopplade s\u00e5 att vi har signal i systemet fredag 8 juli. F\u00e5r du inte signal i din anl\u00e4ggning kontakta Roger eller Jan, telefonnummer nedan.<\/p>\n<p>Beh\u00f6ver du hj\u00e4lp med hur man kopplar upp utrustningen ring: Per-Uno Henningsson 0510- 48 45 49. Per-Uno arbetar p\u00e5 NEA och \u00e4r v\u00e5r support f\u00f6r utrustningen fr\u00e5n Telia nu n\u00e4r vi startar fibersystemet.<\/p>\n<p>Telia, best\u00e4llning och kontakt<\/p>\n<p>Observera att alla ska teckna en best\u00e4llning hos Telia, \u00e4ven om man endast ska ha grundutbudet.<\/p>\n<p>Kontakta Eva R\u00f6din TELIA ang\u00e5ende best\u00e4llning och fr\u00e5gor om till\u00e4ggstj\u00e4nster. Eva n\u00e5s p\u00e5 mobil 070 594 22 20, eller tr\u00e4ffas i Teliabutiken \u00d6verby.<\/p>\n<p>Vid \u00e5ska<\/p>\n<p>TV-boxar, switch och modem som du h\u00e4mtat samt konverteraren som Elinsta installerar ansvarar du sj\u00e4lv f\u00f6r.\u00a0 T\u00e4nk p\u00e5 att all elektronik \u00e4r k\u00e4nslig f\u00f6r \u00e5ska. S\u00e4krast \u00e4r att dra ur stickkontakterna om du befarar blixtnedslag i n\u00e4rheten. Skaffa g\u00e4rna ett \u00f6versp\u00e4nningsskydd f\u00f6r de eluttag som matar anl\u00e4ggningen.<\/p>\n<p>Kontakt<\/p>\n<p>Roger Johansson \u00a0\u00a0\u00a0\u00a0\u00a0\u00a0\u00a0\u00a0\u00a0\u00a0\u00a0\u00a0\u00a0\u00a0\u00a0\u00a0 0521 350 51 eller 0706 55 38 79<\/p>\n<p>Jan Theliander\u00a0\u00a0\u00a0\u00a0\u00a0\u00a0\u00a0\u00a0\u00a0\u00a0\u00a0\u00a0\u00a0\u00a0\u00a0\u00a0\u00a0\u00a0\u00a0\u00a0\u00a0 0521 72 42 14 eller 0733 97 50 86<\/p>\n","protected":false},"excerpt":{"rendered":"<p>Juli 2011 Samf\u00e4llighetsf\u00f6reningen Sundals-Ryrs vatten och bredband \u00a0Aktuellt l\u00e4ge f\u00f6r bredbandet I dagsl\u00e4get, 3 juli, \u00e4r h\u00e4lften av anslutningarna inbl\u00e5sta och kopplade i fastighet.\u00a0 De som \u00e5terst\u00e5r kommer att bli f\u00e4rdiga under juli m\u00e5nad.<\/p>\n","protected":false},"author":2,"featured_media":0,"comment_status":"open","ping_status":"open","sticky":false,"template":"","format":"standard","meta":{"_monsterinsights_skip_tracking":false,"_monsterinsights_sitenote_active":false,"_monsterinsights_sitenote_note":"","_monsterinsights_sitenote_category":0,"footnotes":""},"categories":[1,6],"tags":[],"class_list":["post-551","post","type-post","status-publish","format-standard","hentry","category-aktuellt","category-fiber"],"_links":{"self":[{"href":"https:\/\/sundalsryr.se\/index.php?rest_route=\/wp\/v2\/posts\/551"}],"collection":[{"href":"https:\/\/sundalsryr.se\/index.php?rest_route=\/wp\/v2\/posts"}],"about":[{"href":"https:\/\/sundalsryr.se\/index.php?rest_route=\/wp\/v2\/types\/post"}],"author":[{"embeddable":true,"href":"https:\/\/sundalsryr.se\/index.php?rest_route=\/wp\/v2\/users\/2"}],"replies":[{"embeddable":true,"href":"https:\/\/sundalsryr.se\/index.php?rest_route=%2Fwp%2Fv2%2Fcomments&post=551"}],"version-history":[{"count":1,"href":"https:\/\/sundalsryr.se\/index.php?rest_route=\/wp\/v2\/posts\/551\/revisions"}],"predecessor-version":[{"id":552,"href":"https:\/\/sundalsryr.se\/index.php?rest_route=\/wp\/v2\/posts\/551\/revisions\/552"}],"wp:attachment":[{"href":"https:\/\/sundalsryr.se\/index.php?rest_route=%2Fwp%2Fv2%2Fmedia&parent=551"}],"wp:term":[{"taxonomy":"category","embeddable":true,"href":"https:\/\/sundalsryr.se\/index.php?rest_route=%2Fwp%2Fv2%2Fcategories&post=551"},{"taxonomy":"post_tag","embeddable":true,"href":"https:\/\/sundalsryr.se\/index.php?rest_route=%2Fwp%2Fv2%2Ftags&post=551"}],"curies":[{"name":"wp","href":"https:\/\/api.w.org\/{rel}","templated":true}]}}