{"id":572,"date":"2011-08-21T18:29:36","date_gmt":"2011-08-21T18:29:36","guid":{"rendered":"http:\/\/sundalsryr.se\/?p=572"},"modified":"2011-08-21T18:29:36","modified_gmt":"2011-08-21T18:29:36","slug":"invigning-av-aktivitetsleden-2","status":"publish","type":"post","link":"https:\/\/sundalsryr.se\/?p=572","title":{"rendered":"Invigning av aktivitetsleden"},"content":{"rendered":"<p>Leaderprojektet i Sundals Ryr \u2013 Ett aktivt Sundals Ryr 2011 \u2013 g\u00e5r mot sitt slut s\u00e5 nu \u00e4r det dags f\u00f6r invigning av leden. Det \u00e4r sammanlagt ca. 7 mil led som\u00a0erbjuder n\u00e5got f\u00f6r alla som gillar att komma ut i skog och mark i n\u00e5gon form s\u00e5som att cykla, vandra, rida, cykla Mountainbike eller bara promenera mm. Under dagen finns det en karta som visar de hittills ca\u00a07 milen med f\u00e4rdig aktivitetsled. INf\u00f6r n\u00e4sta s\u00e4song kommer kartan att finnas till f\u00f6rs\u00e4ljning.<\/p>\n<p>\u00a0Under dagen den 27 augusti kommer det att bjudas p\u00e5 ett digert program som b\u00f6rjar med en cykelt\u00e4vling\/mountainbiket\u00e4vling. Samling vid skidstuganp\u00e5 Granan d\u00e4r de vuxna startar klockan 10.00. Deras str\u00e4cka \u00e4r ca. \u00a03 mil som g\u00e5r i varierad terr\u00e4ng, elljussp\u00e5ret, aktivitetsleden och grusv\u00e4gar. Barnen och ungdomarna startar klockan 12.00 vid Bustugan-gemensam cykling till starten fr\u00e5n\u00a0skidstugan.<\/p>\n<p>F\u00f6r den som \u00f6nskar att prova en str\u00e4cka av Bustugeleden finns det po\u00e4ngpromenad f\u00f6r b\u00e5de vuxna och barn. P\u00e5 po\u00e4ngpromenaden kan man m\u00f6ta Mulle och hans v\u00e4nner i skogen eller passa p\u00e5 att f\u00e5 hj\u00e4lp med stavg\u00e5ngen av instrukt\u00f6rer fr\u00e5n Friluftsfr\u00e4mjandet.<\/p>\n<p>Efter detta ca. 13.00 h\u00e5lls den officiella invigningen med tal och bandklippning av Roger Johansson d\u00e4r Sundals Ryrs kyrkok\u00f6r \u00e4r med och sjunger f\u00f6r oss. Det blir ocks\u00e5 prisutdelning av cykelt\u00e4vlingen. Klockan 14.00 blir\u00a0h\u00e4stuppvisning med Islandsh\u00e4star, som p\u00e5 sitt s\u00e4tt \u00e4r speciella med sina fem g\u00e5ngarter i st\u00e4llet f\u00f6r som vanligt tre.<\/p>\n<p>P\u00e5 invigningsomr\u00e5det \u00e4r det full fart hela dagen! D\u00e4r finns ett 15-tal f\u00f6retagare fr\u00e5n Sundals Ryr som visar upp sina olika verksamheter. F\u00f6rfattaren Pia Hagmar finns p\u00e5 plats och ber\u00e4ttar och s\u00e4ljer sin 13:e bok i serien om Dalslandsdeckarna \u2013 Vargtanden. Sundals Ryrs hembygsf\u00f6rening finns p\u00e5 plats och s\u00e4ljer b\u00f6cker och visar kort gamla kort fr\u00e5n bygden. Helle visar sina silversmycken, Nettan kl\u00e4der som hon har sytt, Ritva Utter a\u00e4ljer boken om Myrsan\u00a0m.m. \u00c4r man sugen p\u00e5 en fika eller n\u00e5got att \u00e4ta s\u00e5 finns det kaffe &amp; kaka och hamburgare. F\u00f6r b\u00e5de stora och sm\u00e5 som \u00e4r nyfikna och vill prova finns det en prova-p\u00e5-slinga f\u00f6r Mountainbike samt ponny\/Islandsh\u00e4st-ridning. En liten titta och klappa avdelning med de vanligaste djuren p\u00e5 landet finns ocks\u00e5.<\/p>\n<p>Vill n\u00e5gon passa p\u00e5 att prova hur man gjorde f\u00f6rr n\u00e4r man reste kan man mellan parkeringen i S\u00f6dra Blekan och starten f\u00f6r po\u00e4ngpromenaden vid Bustugan \u00e5ka h\u00e4st och vagn med Dalslandskuskarna.<\/p>\n<p>Det kommer att vara skyltat fr\u00e5n Br\u00e5landa centrum och fr\u00e5n v\u00e4g 173 fram till parkeringen i S\u00f6dra Blekan. Parkeringsvakter i gula v\u00e4star visar alla till r\u00e4tta.<\/p>\n<p>Alla bes\u00f6kare h\u00e4lsas varmt v\u00e4lkomna!<\/p>\n","protected":false},"excerpt":{"rendered":"<p>Leaderprojektet i Sundals Ryr \u2013 Ett aktivt Sundals Ryr 2011 \u2013 g\u00e5r mot sitt slut s\u00e5 nu \u00e4r det dags f\u00f6r invigning av leden. Det \u00e4r sammanlagt ca. 7 mil led som\u00a0erbjuder n\u00e5got f\u00f6r alla som gillar att komma ut i skog och mark i n\u00e5gon form s\u00e5som att cykla, vandra, rida, cykla Mountainbike eller&#8230;<\/p>\n","protected":false},"author":2,"featured_media":0,"comment_status":"open","ping_status":"open","sticky":false,"template":"","format":"standard","meta":{"_monsterinsights_skip_tracking":false,"_monsterinsights_sitenote_active":false,"_monsterinsights_sitenote_note":"","_monsterinsights_sitenote_category":0,"footnotes":""},"categories":[1,7],"tags":[],"class_list":["post-572","post","type-post","status-publish","format-standard","hentry","category-aktuellt","category-leaderprojektet"],"_links":{"self":[{"href":"https:\/\/sundalsryr.se\/index.php?rest_route=\/wp\/v2\/posts\/572"}],"collection":[{"href":"https:\/\/sundalsryr.se\/index.php?rest_route=\/wp\/v2\/posts"}],"about":[{"href":"https:\/\/sundalsryr.se\/index.php?rest_route=\/wp\/v2\/types\/post"}],"author":[{"embeddable":true,"href":"https:\/\/sundalsryr.se\/index.php?rest_route=\/wp\/v2\/users\/2"}],"replies":[{"embeddable":true,"href":"https:\/\/sundalsryr.se\/index.php?rest_route=%2Fwp%2Fv2%2Fcomments&post=572"}],"version-history":[{"count":2,"href":"https:\/\/sundalsryr.se\/index.php?rest_route=\/wp\/v2\/posts\/572\/revisions"}],"predecessor-version":[{"id":574,"href":"https:\/\/sundalsryr.se\/index.php?rest_route=\/wp\/v2\/posts\/572\/revisions\/574"}],"wp:attachment":[{"href":"https:\/\/sundalsryr.se\/index.php?rest_route=%2Fwp%2Fv2%2Fmedia&parent=572"}],"wp:term":[{"taxonomy":"category","embeddable":true,"href":"https:\/\/sundalsryr.se\/index.php?rest_route=%2Fwp%2Fv2%2Fcategories&post=572"},{"taxonomy":"post_tag","embeddable":true,"href":"https:\/\/sundalsryr.se\/index.php?rest_route=%2Fwp%2Fv2%2Ftags&post=572"}],"curies":[{"name":"wp","href":"https:\/\/api.w.org\/{rel}","templated":true}]}}