{"id":6059,"date":"2024-06-17T19:24:22","date_gmt":"2024-06-17T19:24:22","guid":{"rendered":"https:\/\/sundalsryr.se\/?p=6059"},"modified":"2024-06-17T19:24:23","modified_gmt":"2024-06-17T19:24:23","slug":"grillkvall-den-29-juni","status":"publish","type":"post","link":"https:\/\/sundalsryr.se\/?p=6059","title":{"rendered":"Grillkv\u00e4ll den 29 juni"},"content":{"rendered":"<div class=\"wp-block-image\">\n<figure class=\"aligncenter size-large is-resized\"><a href=\"https:\/\/sundalsryr.se\/wp-content\/uploads\/2024\/06\/DSC_0547-scaled.jpg\"><img loading=\"lazy\" decoding=\"async\" src=\"https:\/\/sundalsryr.se\/wp-content\/uploads\/2024\/06\/DSC_0547-768x1024.jpg\" alt=\"\" class=\"wp-image-6060\" width=\"512\" height=\"682\" srcset=\"https:\/\/sundalsryr.se\/wp-content\/uploads\/2024\/06\/DSC_0547-768x1024.jpg 768w, https:\/\/sundalsryr.se\/wp-content\/uploads\/2024\/06\/DSC_0547-225x300.jpg 225w, https:\/\/sundalsryr.se\/wp-content\/uploads\/2024\/06\/DSC_0547-1152x1536.jpg 1152w, https:\/\/sundalsryr.se\/wp-content\/uploads\/2024\/06\/DSC_0547-1536x2048.jpg 1536w, https:\/\/sundalsryr.se\/wp-content\/uploads\/2024\/06\/DSC_0547-300x400.jpg 300w, https:\/\/sundalsryr.se\/wp-content\/uploads\/2024\/06\/DSC_0547-850x1133.jpg 850w, https:\/\/sundalsryr.se\/wp-content\/uploads\/2024\/06\/DSC_0547-scaled.jpg 1920w\" sizes=\"(max-width: 512px) 100vw, 512px\" \/><\/a><\/figure><\/div>\n\n\n<p>Byalaget vill \u00f6nska alla en riktigt fin midsommar !<\/p>\n\n\n\n<p>Samtidigt vill vi bjuda in till grillkv\u00e4ll vid Sundalsg\u00e5rden L\u00f6rdagen den 29 juni mellan kl 16-21. Det \u00e4r knytkalas s\u00e5 var och en tar med vad de vill \u00e4ta och dricka. Vi t\u00e4nder grillen och ordnar lite enklare spel och lekar f\u00f6r de som vill.<\/p>\n\n\n\n<p>Anm\u00e4l med ett sms eller samtal till Ulrika Hj\u00e4lm 0733-142937&nbsp; senast den 27 juni, s\u00e5 att vi har lite koll p\u00e5 hur m\u00e5nga som kommer.<\/p>\n\n\n\n<p>Alla \u00e4r varmt v\u00e4lkomna !<\/p>\n","protected":false},"excerpt":{"rendered":"<p>Byalaget vill \u00f6nska alla en riktigt fin midsommar ! Samtidigt vill vi bjuda in till grillkv\u00e4ll vid Sundalsg\u00e5rden L\u00f6rdagen den 29 juni mellan kl 16-21. Det \u00e4r knytkalas s\u00e5 var och en tar med vad de vill \u00e4ta och dricka. Vi t\u00e4nder grillen och ordnar lite enklare spel och lekar f\u00f6r de som vill. Anm\u00e4l&#8230;<\/p>\n","protected":false},"author":3,"featured_media":0,"comment_status":"open","ping_status":"open","sticky":false,"template":"","format":"standard","meta":{"_monsterinsights_skip_tracking":false,"_monsterinsights_sitenote_active":false,"_monsterinsights_sitenote_note":"","_monsterinsights_sitenote_category":0,"footnotes":""},"categories":[1],"tags":[],"class_list":["post-6059","post","type-post","status-publish","format-standard","hentry","category-aktuellt"],"_links":{"self":[{"href":"https:\/\/sundalsryr.se\/index.php?rest_route=\/wp\/v2\/posts\/6059"}],"collection":[{"href":"https:\/\/sundalsryr.se\/index.php?rest_route=\/wp\/v2\/posts"}],"about":[{"href":"https:\/\/sundalsryr.se\/index.php?rest_route=\/wp\/v2\/types\/post"}],"author":[{"embeddable":true,"href":"https:\/\/sundalsryr.se\/index.php?rest_route=\/wp\/v2\/users\/3"}],"replies":[{"embeddable":true,"href":"https:\/\/sundalsryr.se\/index.php?rest_route=%2Fwp%2Fv2%2Fcomments&post=6059"}],"version-history":[{"count":1,"href":"https:\/\/sundalsryr.se\/index.php?rest_route=\/wp\/v2\/posts\/6059\/revisions"}],"predecessor-version":[{"id":6061,"href":"https:\/\/sundalsryr.se\/index.php?rest_route=\/wp\/v2\/posts\/6059\/revisions\/6061"}],"wp:attachment":[{"href":"https:\/\/sundalsryr.se\/index.php?rest_route=%2Fwp%2Fv2%2Fmedia&parent=6059"}],"wp:term":[{"taxonomy":"category","embeddable":true,"href":"https:\/\/sundalsryr.se\/index.php?rest_route=%2Fwp%2Fv2%2Fcategories&post=6059"},{"taxonomy":"post_tag","embeddable":true,"href":"https:\/\/sundalsryr.se\/index.php?rest_route=%2Fwp%2Fv2%2Ftags&post=6059"}],"curies":[{"name":"wp","href":"https:\/\/api.w.org\/{rel}","templated":true}]}}