{"id":886,"date":"2012-05-27T20:34:59","date_gmt":"2012-05-27T20:34:59","guid":{"rendered":"http:\/\/sundalsryr.se\/?p=886"},"modified":"2012-05-28T10:45:04","modified_gmt":"2012-05-28T10:45:04","slug":"antligen-klar","status":"publish","type":"post","link":"https:\/\/sundalsryr.se\/?p=886","title":{"rendered":"\u00c4ntligen klar !"},"content":{"rendered":"<p><strong><a href=\"http:\/\/sundalsryr.se\/wp-content\/uploads\/2012\/05\/DSC00805.jpg\"><img loading=\"lazy\" decoding=\"async\" class=\"aligncenter size-full wp-image-885\" src=\"http:\/\/sundalsryr.se\/wp-content\/uploads\/2012\/05\/DSC00805.jpg\" alt=\"\" width=\"640\" height=\"480\" srcset=\"https:\/\/sundalsryr.se\/wp-content\/uploads\/2012\/05\/DSC00805.jpg 640w, https:\/\/sundalsryr.se\/wp-content\/uploads\/2012\/05\/DSC00805-300x225.jpg 300w\" sizes=\"(max-width: 640px) 100vw, 640px\" \/><\/a><\/strong><\/p>\n<p><strong>Kartan \u00f6ver sundalrs ryrsleden \u00e4r f\u00e4rdig.<\/strong> Vi s\u00e5lde de f\u00f6rsta exemplaren p\u00e5 Nuntorpsdagarna i helgen. Intresset var stort och m\u00e5nga nyfikna kom till v\u00e5r monter f\u00f6r att titta och k\u00f6pa. Lederna \u00e4r markerade med r\u00f6da plastband eller r\u00f6da pilar och totalt \u00e4r det n\u00e4stan 10 mil v\u00e4gar och stigar som bara v\u00e4ntar p\u00e5 att vandrare, cyklister och ryttare ska komma och utforska dem.<\/p>\n<p>Till kartan kan man \u00e4ven k\u00f6pa ett informationsh\u00e4fte med beskrivning av de olika delarna av leden, l\u00e4ngd, sv\u00e5righetsgrad, \u00a0lite fakta om n\u00e5gra sev\u00e4rdheter mm. Vill du ocks\u00e5 ha en karta s\u00e5 finns n\u00e4rmaste f\u00f6rs\u00e4ljningsst\u00e4lle p\u00e5 halloncaf\u00e9t i Evenstorp.<\/p>\n<p>Det finns <strong>s\u00e5<\/strong> mycket sp\u00e4nnande att se och uppt\u00e4cka, ta en tur du ocks\u00e5 !<\/p>\n","protected":false},"excerpt":{"rendered":"<p>Kartan \u00f6ver sundalrs ryrsleden \u00e4r f\u00e4rdig. Vi s\u00e5lde de f\u00f6rsta exemplaren p\u00e5 Nuntorpsdagarna i helgen. Intresset var stort och m\u00e5nga nyfikna kom till v\u00e5r monter f\u00f6r att titta och k\u00f6pa. Lederna \u00e4r markerade med r\u00f6da plastband eller r\u00f6da pilar och totalt \u00e4r det n\u00e4stan 10 mil v\u00e4gar och stigar som bara v\u00e4ntar p\u00e5 att vandrare,&#8230;<\/p>\n","protected":false},"author":3,"featured_media":0,"comment_status":"open","ping_status":"open","sticky":false,"template":"","format":"standard","meta":{"_monsterinsights_skip_tracking":false,"_monsterinsights_sitenote_active":false,"_monsterinsights_sitenote_note":"","_monsterinsights_sitenote_category":0,"footnotes":""},"categories":[1,7],"tags":[],"class_list":["post-886","post","type-post","status-publish","format-standard","hentry","category-aktuellt","category-leaderprojektet"],"_links":{"self":[{"href":"https:\/\/sundalsryr.se\/index.php?rest_route=\/wp\/v2\/posts\/886"}],"collection":[{"href":"https:\/\/sundalsryr.se\/index.php?rest_route=\/wp\/v2\/posts"}],"about":[{"href":"https:\/\/sundalsryr.se\/index.php?rest_route=\/wp\/v2\/types\/post"}],"author":[{"embeddable":true,"href":"https:\/\/sundalsryr.se\/index.php?rest_route=\/wp\/v2\/users\/3"}],"replies":[{"embeddable":true,"href":"https:\/\/sundalsryr.se\/index.php?rest_route=%2Fwp%2Fv2%2Fcomments&post=886"}],"version-history":[{"count":4,"href":"https:\/\/sundalsryr.se\/index.php?rest_route=\/wp\/v2\/posts\/886\/revisions"}],"predecessor-version":[{"id":890,"href":"https:\/\/sundalsryr.se\/index.php?rest_route=\/wp\/v2\/posts\/886\/revisions\/890"}],"wp:attachment":[{"href":"https:\/\/sundalsryr.se\/index.php?rest_route=%2Fwp%2Fv2%2Fmedia&parent=886"}],"wp:term":[{"taxonomy":"category","embeddable":true,"href":"https:\/\/sundalsryr.se\/index.php?rest_route=%2Fwp%2Fv2%2Fcategories&post=886"},{"taxonomy":"post_tag","embeddable":true,"href":"https:\/\/sundalsryr.se\/index.php?rest_route=%2Fwp%2Fv2%2Ftags&post=886"}],"curies":[{"name":"wp","href":"https:\/\/api.w.org\/{rel}","templated":true}]}}