{"id":921,"date":"2012-06-17T19:05:52","date_gmt":"2012-06-17T19:05:52","guid":{"rendered":"http:\/\/sundalsryr.se\/?p=921"},"modified":"2012-12-30T15:56:31","modified_gmt":"2012-12-30T15:56:31","slug":"rapport-fran-leden-1","status":"publish","type":"post","link":"https:\/\/sundalsryr.se\/?p=921","title":{"rendered":"Rapport fr\u00e5n leden 1"},"content":{"rendered":"<p>Som ett utmanande ny\u00e5rsl\u00f6fte, fast det inte var ny\u00e5r, kom tanken om att till fots ta mig runt alla str\u00e4ckor av de nya lederna. Sagt och gjort, om jag inte bryter\u00a0n\u00e5got ben ska jag innan \u00e5ret \u00e4r slut ha avverkat alla delarna av leden. H\u00e4r kommer rapport 1 fr\u00e5n er l\u00f6pande reporter, med dottern som springs\u00e4llskap. \u00a0<\/p>\n<p>S\u00f6ndag och regnet har strilat ner hela f\u00f6rmiddagen. Men prognosen lovar b\u00e4ttring s\u00e5\u00a0p\u00e5 eftermiddagen knyter p\u00e5 oss skorna och stoppar en peng i fickan. Dagens etapp \u00e4r t\u00e4nkt att g\u00e5 Sallebyn-N\u00e4set-Evenstorp-Bollungesj\u00f6n-Klypan-H\u00e4gnan och hem till Sallebyn igen.<a href=\"http:\/\/sundalsryr.se\/wp-content\/uploads\/2012\/06\/DSC00837.jpg\"><img loading=\"lazy\" decoding=\"async\" class=\"aligncenter size-medium wp-image-926\" src=\"http:\/\/sundalsryr.se\/wp-content\/uploads\/2012\/06\/DSC00837-300x225.jpg\" alt=\"\" width=\"300\" height=\"225\" srcset=\"https:\/\/sundalsryr.se\/wp-content\/uploads\/2012\/06\/DSC00837-300x225.jpg 300w, https:\/\/sundalsryr.se\/wp-content\/uploads\/2012\/06\/DSC00837.jpg 640w\" sizes=\"(max-width: 300px) 100vw, 300px\" \/><\/a><\/p>\n<p>Vi b\u00f6rjar den invanda v\u00e4gen till N\u00e4set, den k\u00e4nns som vanligt och bjuder inte p\u00e5 n\u00e5gra nyheter. Men vyn med Kroppefj\u00e4ll i horisonten tr\u00f6ttnar man aldrig p\u00e5. Benen \u00e4r pigga, regnet har upph\u00f6rt och en S\u00f6ndag i Juni kan n\u00e4stan inte vara b\u00e4ttre. Efter den lilla backen upp till N\u00e4set forts\u00e4tter vi rakt fram p\u00e5 leden ist\u00e4llet f\u00f6r att springa v\u00e4nster som vi annars ofta brukar. Det \u00e4r bl\u00f6tt i gr\u00e4set och under den f\u00f6ljande kilometern ser vi inte mindre \u00e4n 5 harar som lekfullt hoppar \u00e5t alla h\u00e5ll.<\/p>\n<p>Vi springer med f\u00f6rsommaren gr\u00f6nskande runt oss, allt \u00e4r stilla och lugnt tills pl\u00f6tsligt en stor trana flyger upp alldeles intill stigen. Strax efter f\u00e5r vi se en r\u00e5bock g\u00e5 och beta. N\u00e4r vi kommer ut p\u00e5 Evenstorpsv\u00e4gen g\u00f6r vi en liten avstickare fr\u00e5n leden och springer fram till halloncaf\u00e9t. Sofia serverar kaffe och muffins som smakar underbart. N\u00e4r vi springer iv\u00e4g igen \u00e5ngrar jag lite att jag inte \u00e5t en hallongrotta ocks\u00e5. Inte f\u00f6r att jag beh\u00f6vde kalorierna utan f\u00f6r att n\u00e5gra irriterande sm\u00e5pengar nu skramlar i min ficka.<a href=\"http:\/\/sundalsryr.se\/wp-content\/uploads\/2012\/06\/DSC00841.jpg\"><img loading=\"lazy\" decoding=\"async\" class=\"alignright size-medium wp-image-927\" src=\"http:\/\/sundalsryr.se\/wp-content\/uploads\/2012\/06\/DSC00841-300x225.jpg\" alt=\"\" width=\"300\" height=\"225\" srcset=\"https:\/\/sundalsryr.se\/wp-content\/uploads\/2012\/06\/DSC00841-300x225.jpg 300w, https:\/\/sundalsryr.se\/wp-content\/uploads\/2012\/06\/DSC00841.jpg 640w\" sizes=\"(max-width: 300px) 100vw, 300px\" \/><\/a><\/p>\n<p>H\u00f6ger in i skogen och vidare mot Bollungesj\u00f6n. H\u00e4r \u00e4r det riktigt bl\u00f6tt och lerigt p\u00e5 sina st\u00e4llen, men \u00f6ver de v\u00e4rsta surh\u00e5len ligger det sp\u00e5ngar. T\u00e4nker man vandra denna del av leden \u00e4r st\u00f6vlar att rekommendera, tills den nygjorda stigen har \u201dsatt sig\u201d. Men vi springer och st\u00f6vlar hade inte varit n\u00e5got f\u00f6r oss. Terr\u00e4ngen \u00e4r h\u00e4r lite tuffare, hj\u00e4rtat bankar, lungorna kr\u00e4ver mer luft och svetten lackar i pannan. Till slut \u00e4r vi framme p\u00e5 den mera l\u00e4ttl\u00f6pta stigen p\u00e5 \u00f6stsidan av Bollungesj\u00f6n. H\u00e4r v\u00e4ljer vi v\u00e4nster. Fin stig, nerf\u00f6rsbacke och k\u00e4nslan av att springa i en gr\u00f6n tunnel, d\u00e4r tr\u00e4den p\u00e5 b\u00e5da sidor str\u00e4cker sig \u00f6ver v\u00e4gen \u00e4r h\u00e4rlig.<\/p>\n<p>S\u00e5sm\u00e5ningom kommer vi ut p\u00e5 grusv\u00e4gen som ska ta oss mot civiliserade trakter igen. N\u00e4r vi passerar Klypan tittar solen fram bakom molnen, fortfarande finns energi kvar fr\u00e5n fikastunden, livet leker. Sl\u00e4t v\u00e4g kr\u00e4ver ingen tankeverksamhet om var man ska s\u00e4tta f\u00f6tterna, vi passar p\u00e5 att titta p\u00e5 det fina runt omkring. Vattendropparna i gr\u00e4set glittrar och det \u00e5ngar upp fukt fr\u00e5n \u00e5krarna n\u00e4r solen v\u00e4rmer marken. Magiskt. I H\u00e4gnan sv\u00e4nger vi av mot N\u00e4set och sista biten hem k\u00e4nner vi oss riktigt n\u00f6jda \u00f6ver att kunna springa p\u00e5 en av de b\u00e4sta platser som finns. V\u00e4l hemma visar gps-klockan 13,3 avverkade km\u00a0som vi\u00a0med st\u00f6rsta s\u00e4kerhet snart kommer och springa igen.<\/p>\n","protected":false},"excerpt":{"rendered":"<p>Som ett utmanande ny\u00e5rsl\u00f6fte, fast det inte var ny\u00e5r, kom tanken om att till fots ta mig runt alla str\u00e4ckor av de nya lederna. Sagt och gjort, om jag inte bryter\u00a0n\u00e5got ben ska jag innan \u00e5ret \u00e4r slut ha avverkat alla delarna av leden. H\u00e4r kommer rapport 1 fr\u00e5n er l\u00f6pande reporter, med dottern som&#8230;<\/p>\n","protected":false},"author":3,"featured_media":0,"comment_status":"open","ping_status":"open","sticky":false,"template":"","format":"standard","meta":{"_monsterinsights_skip_tracking":false,"_monsterinsights_sitenote_active":false,"_monsterinsights_sitenote_note":"","_monsterinsights_sitenote_category":0,"footnotes":""},"categories":[1,11],"tags":[],"class_list":["post-921","post","type-post","status-publish","format-standard","hentry","category-aktuellt","category-rapporter-fran-leden"],"_links":{"self":[{"href":"https:\/\/sundalsryr.se\/index.php?rest_route=\/wp\/v2\/posts\/921"}],"collection":[{"href":"https:\/\/sundalsryr.se\/index.php?rest_route=\/wp\/v2\/posts"}],"about":[{"href":"https:\/\/sundalsryr.se\/index.php?rest_route=\/wp\/v2\/types\/post"}],"author":[{"embeddable":true,"href":"https:\/\/sundalsryr.se\/index.php?rest_route=\/wp\/v2\/users\/3"}],"replies":[{"embeddable":true,"href":"https:\/\/sundalsryr.se\/index.php?rest_route=%2Fwp%2Fv2%2Fcomments&post=921"}],"version-history":[{"count":7,"href":"https:\/\/sundalsryr.se\/index.php?rest_route=\/wp\/v2\/posts\/921\/revisions"}],"predecessor-version":[{"id":1366,"href":"https:\/\/sundalsryr.se\/index.php?rest_route=\/wp\/v2\/posts\/921\/revisions\/1366"}],"wp:attachment":[{"href":"https:\/\/sundalsryr.se\/index.php?rest_route=%2Fwp%2Fv2%2Fmedia&parent=921"}],"wp:term":[{"taxonomy":"category","embeddable":true,"href":"https:\/\/sundalsryr.se\/index.php?rest_route=%2Fwp%2Fv2%2Fcategories&post=921"},{"taxonomy":"post_tag","embeddable":true,"href":"https:\/\/sundalsryr.se\/index.php?rest_route=%2Fwp%2Fv2%2Ftags&post=921"}],"curies":[{"name":"wp","href":"https:\/\/api.w.org\/{rel}","templated":true}]}}