{"id":939,"date":"2012-07-04T14:45:37","date_gmt":"2012-07-04T14:45:37","guid":{"rendered":"http:\/\/sundalsryr.se\/?p=939"},"modified":"2012-07-04T14:48:00","modified_gmt":"2012-07-04T14:48:00","slug":"det-har-blivit-nagra-byablad-genom-aren","status":"publish","type":"post","link":"https:\/\/sundalsryr.se\/?p=939","title":{"rendered":"Det har blivit n\u00e5gra Byablad genom \u00e5ren&#8230;"},"content":{"rendered":"<p><a href=\"http:\/\/sundalsryr.se\/wp-content\/uploads\/2012\/07\/DSC00932.jpg\"><img loading=\"lazy\" decoding=\"async\" class=\"aligncenter size-medium wp-image-938\" src=\"http:\/\/sundalsryr.se\/wp-content\/uploads\/2012\/07\/DSC00932-300x225.jpg\" alt=\"\" width=\"300\" height=\"225\" srcset=\"https:\/\/sundalsryr.se\/wp-content\/uploads\/2012\/07\/DSC00932-300x225.jpg 300w, https:\/\/sundalsryr.se\/wp-content\/uploads\/2012\/07\/DSC00932.jpg 640w\" sizes=\"(max-width: 300px) 100vw, 300px\" \/><\/a><\/p>\n<p>I alla Sundals ryrs postl\u00e5dor har det landat ett nytt program varje Januari och Augusti (hoppas vi inte missat n\u00e5gon l\u00e5da). Innan bladet kommer s\u00e5 l\u00e5ngt som till er l\u00e5da har vi i styrelsen diskuterat, planerat, ringt,\u00a0 bokat och planerat igen osv. Till sist har det l\u00e4mnats p\u00e5 tryckning, ofta i sista minuten innan s\u00e4songens f\u00f6rsta aktivitet ska g\u00e5 av stapeln.<\/p>\n<p>N\u00e4r det sedan \u00e4r tryckt ska vi i styrelsen h\u00e4mta \u201dv\u00e5r\u201d bunt hos den samordnande och d\u00e4refter k\u00f6ra ut till alla \u201dv\u00e5rt\u201d omr\u00e5de.<\/p>\n<p>Men, nu \u00e4r det lite f\u00f6r\u00e4ndringar p\u00e5 g\u00e5ng<strong>\u2026 N\u00e4sta Byablad kommer n\u00e4mligen inneh\u00e5lla ett helt \u00e5r med aktiviteter! <\/strong><\/p>\n<p>I flera \u00e5r har vi haft ett gemensamt tema f\u00f6r n\u00e5gra av \u00e5rets aktiviteter. Ett \u00e5r hade vi \u201denergi\u201d som tema. Ett annat var det \u201dekonomi\u201d. I \u00e5r kommer temat vara \u201d<span style=\"text-decoration: underline\">matkvalit\u00e9<\/span>\u201d. Ett aktuellt \u00e4mne som kan belysas fr\u00e5n flera olika h\u00e5ll och som vi hoppas ska locka m\u00e5nga.<\/p>\n<p>Vi i styrelsen tycker det \u00e4r extra roligt n\u00e4r vi f\u00e5r f\u00f6rslag fr\u00e5n \u00f6vriga Sundals ryrs-bor p\u00e5 olika aktiviteter. Ett f\u00f6rslag som kommit upp flera g\u00e5nger genom \u00e5ren, har varit att anordna en svampdag i h\u00f6stprogrammet. Det har varit l\u00e4ttare sagt \u00e4n gjort att f\u00e5 tag i en svampexpert. Men nu \u00e4ntligen kommer det bli av. I h\u00f6stens program finns en dag f\u00f6r oss som beh\u00f6ver hj\u00e4lp i sopparna, riskornas och kremlornas v\u00e4rld.<\/p>\n<p>Om n\u00e5gra veckor kommer byabladet f\u00f6r h\u00f6sten 2012 och v\u00e5ren 2013 hem till dig. Naturligtvis kommer gamla favoriter som vandringar, lerduveskytte och torsdagsluncher att finnas med och i vanlig ordning kommer vi p\u00e5minna om programmet h\u00e4r p\u00e5 hemsidan ocks\u00e5.<\/p>\n<p><em>Med f\u00f6rhoppning om lite mindre regn fram\u00f6ver, \u00f6nskas alla en fortsatt bra sommar.<\/em><\/p>\n","protected":false},"excerpt":{"rendered":"<p>I alla Sundals ryrs postl\u00e5dor har det landat ett nytt program varje Januari och Augusti (hoppas vi inte missat n\u00e5gon l\u00e5da). Innan bladet kommer s\u00e5 l\u00e5ngt som till er l\u00e5da har vi i styrelsen diskuterat, planerat, ringt,\u00a0 bokat och planerat igen osv. Till sist har det l\u00e4mnats p\u00e5 tryckning, ofta i sista minuten innan s\u00e4songens&#8230;<\/p>\n","protected":false},"author":3,"featured_media":0,"comment_status":"open","ping_status":"open","sticky":false,"template":"","format":"standard","meta":{"_monsterinsights_skip_tracking":false,"_monsterinsights_sitenote_active":false,"_monsterinsights_sitenote_note":"","_monsterinsights_sitenote_category":0,"footnotes":""},"categories":[1],"tags":[],"class_list":["post-939","post","type-post","status-publish","format-standard","hentry","category-aktuellt"],"_links":{"self":[{"href":"https:\/\/sundalsryr.se\/index.php?rest_route=\/wp\/v2\/posts\/939"}],"collection":[{"href":"https:\/\/sundalsryr.se\/index.php?rest_route=\/wp\/v2\/posts"}],"about":[{"href":"https:\/\/sundalsryr.se\/index.php?rest_route=\/wp\/v2\/types\/post"}],"author":[{"embeddable":true,"href":"https:\/\/sundalsryr.se\/index.php?rest_route=\/wp\/v2\/users\/3"}],"replies":[{"embeddable":true,"href":"https:\/\/sundalsryr.se\/index.php?rest_route=%2Fwp%2Fv2%2Fcomments&post=939"}],"version-history":[{"count":2,"href":"https:\/\/sundalsryr.se\/index.php?rest_route=\/wp\/v2\/posts\/939\/revisions"}],"predecessor-version":[{"id":941,"href":"https:\/\/sundalsryr.se\/index.php?rest_route=\/wp\/v2\/posts\/939\/revisions\/941"}],"wp:attachment":[{"href":"https:\/\/sundalsryr.se\/index.php?rest_route=%2Fwp%2Fv2%2Fmedia&parent=939"}],"wp:term":[{"taxonomy":"category","embeddable":true,"href":"https:\/\/sundalsryr.se\/index.php?rest_route=%2Fwp%2Fv2%2Fcategories&post=939"},{"taxonomy":"post_tag","embeddable":true,"href":"https:\/\/sundalsryr.se\/index.php?rest_route=%2Fwp%2Fv2%2Ftags&post=939"}],"curies":[{"name":"wp","href":"https:\/\/api.w.org\/{rel}","templated":true}]}}